{"id":16144,"date":"2021-12-30T10:53:46","date_gmt":"2021-12-30T08:53:46","guid":{"rendered":"https:\/\/www.mladibl.com\/?p=16144"},"modified":"2021-12-30T10:53:47","modified_gmt":"2021-12-30T08:53:47","slug":"banski-dvor-sumirao-2021-godinu-publika-uzivala-u-210-razlicitih-programa","status":"publish","type":"post","link":"https:\/\/www.mladibl.com\/?p=16144","title":{"rendered":"Banski dvor sumirao 2021. godinu: Publika u\u017eivala u 210 razli\u010ditih programa"},"content":{"rendered":"\n<p>Banski dvor \u2013 Kulturni centar sumirao je programske aktivnosti realizovane u 2021. godini.<\/p>\n\n\n\n<p>Kako isti\u010du, iako je i protekla sezona u organizacionom smislu bila veoma zahtjevna i u zna\u010dajnoj mjeri optere\u0107ena okolnostima \u201enove normalnosti\u201c, Banski dvor je ponovo uspio u svojoj osnovnoj namjeri \u2013 da prilagodi svoj rad trenutnim okolnostima i uz po\u0161tovanje svih propisanih mjera odr\u017ei kontinuitet organizovanja reprezentativnih programskih sadr\u017eaja u uslovima trajanja pandemije koronavirusa.<\/p>\n\n\n\n<p>-Bez obzira na sve ote\u017eavaju\u0107e okolonosti, zadovoljstvo nam je \u0161to mo\u017eemo saop\u0161titi da smo na kraju ipak do\u0161li do broja od preko 140 raznovrsnih (muzi\u010dkih, likovnih, knji\u017eevnih i filmskih) programskih sadr\u017eaja koji su u ovoj godini realizovani u vlastitoj produkciji Banskog dvora. Kada se njima pridodaju i ostali programi i doga\u0111aji koji su realizovani u kooprodukciji i partnerstvu sa drugim organizatorima, dolazimo do ukupno 210 razli\u010ditih programa koji su u 2021. godini odr\u017eani u Banskom dvoru. Sve ovo su razlozi zbog kojih je Banski dvor danas regionalno prepoznatljiv kulturni centar i prostor u koji se rado vra\u0107aju i dolaze i zna\u010dajni internacionalni umjetnici \u2013 rekao je Mladen Matovi\u0107, direktor Banskog dvora \u2013 Kulturnog centra.<\/p>\n\n\n\n<p>Posebno su, kako ka\u017ee \u2013 ponosni na \u010dinjenicu \u0161to su uspjeli nastaviti tradiciju njihovih vi\u0161ednevnih festivalskih manifestacija \u2013 Internacionalnog muzi\u010dkog festivala \u201eJESENJA SONATA\u201c i Festivala d\u017eez muzike \u201eINTIME JAZZ FEST\u201c koji su u 2021. godini do\u017eivjeli svoje \u010detvrto izdanje i ugostili neka od najzna\u010dajnijih imena umjetni\u010dke i d\u017eez muzike dana\u0161njice<\/p>\n\n\n\n<p>-Ovo je godina u kojoj smo uspje\u0161no realizovali i prvu koncertnu sezonu ansambla \u201eBAN SVETISLAV TISA MILOSAVLJEVI\u0106\u201c \u2013 novoosnovanog guda\u010dkog kamernog orkestra pri na\u0161oj ustanovi a koji je pored vi\u0161e nastupa u Republici Srpskoj odr\u017eao i veoma zapa\u017een cjelove\u010dernji koncert u Ni\u0161u. Tako\u0111e, u ovoj godini smo zavr\u0161ili i adaptaciju dva slikarska ateljea na drugom spratu Banskog dvora a koji \u0107e u budu\u0107nosti biti potpuno u funkciji realizacije rezidencijalnih programa \u2013 novog programskog segmenta iz oblasti likovne umjetnosti. U toku su i zavr\u0161ne aktivnosti na formiranju i kompletiranju stalne izlo\u017ebene postavke iz doba Vrbaske banovine, a koju \u0107e najve\u0107im dijelom \u010diniti porodi\u010dna zaostav\u0161tina bana Todora Lazarevi\u0107a \u2013 naglasio je Matovi\u0107.<\/p>\n\n\n\n<p>Iz ove ustanove kulture istakli su da su proteklu sezonu do\u017eivjeli kao jo\u0161 jednu misiju u okviru koje su nastojali da kroz kulturu i umjetnost daju svoj doprinos u lak\u0161em prevazila\u017eenju te\u0161kih dana i mjeseci koje je sa sobom donijela pandemija.<\/p>\n\n\n\n<p>-Iako nam trenutna globalna situacija ne ostavlja previ\u0161e prostora za optimizam, Banski dvor kao i u proteklom periodu hrabro i \u201edonkihotovski\u201c ulazi u narednu sezonu, sa ambicioznim planovima i \u017eeljom da kao i do sada bude reprezentativan ambasador kulture i umjetnosti grada Banja Luka i Republike Srpske \u2013 navode iz ove ustanove.<\/p>\n\n\n\n<p>U 2022. godini Banski dvor se priprema da proslavi zna\u010dajan jubilej \u2013 90 godina postojanja i rada ustanove, a u sklopu kojeg \u0107e se organizovati poseban dvomjese\u010dni program i veliki broj reprezentativnih kulturnih sadr\u017eaja i aktivnosti posve\u0107enih ovoj zna\u010dajnoj godi\u0161njici.<\/p>\n\n\n\n<p>Preuzeto sa: <a href=\"https:\/\/www.banjaluka.rs.ba\/banski-dvor-sumirao-2021-publika-uzivala-u-210-razlicitih-programa\/\" target=\"_blank\" rel=\"noreferrer noopener\">Grad Banja Luka<\/a><\/p>\n","protected":false},"excerpt":{"rendered":"<p>Banski dvor \u2013 Kulturni centar sumirao je programske aktivnosti realizovane u 2021. godini. Kako isti\u010du, iako je i protekla sezona<\/p>\n","protected":false},"author":1,"featured_media":16156,"comment_status":"closed","ping_status":"open","sticky":false,"template":"","format":"standard","meta":{"om_disable_all_campaigns":false,"_monsterinsights_skip_tracking":false,"_monsterinsights_sitenote_active":false,"_monsterinsights_sitenote_note":"","_monsterinsights_sitenote_category":0,"footnotes":""},"categories":[2],"tags":[2390,881,1141],"class_list":["post-16144","post","type-post","status-publish","format-standard","has-post-thumbnail","hentry","category-vijesti","tag-2021-godina","tag-banski-dvor","tag-programi"],"jetpack_featured_media_url":"https:\/\/www.mladibl.com\/wp-content\/uploads\/2021\/12\/Banski-dvor-sumirao-2021.-godinu-Publika-uzivala-u-210-razlicitih-programa.jpg","amp_enabled":true,"_links":{"self":[{"href":"https:\/\/www.mladibl.com\/index.php?rest_route=\/wp\/v2\/posts\/16144","targetHints":{"allow":["GET"]}}],"collection":[{"href":"https:\/\/www.mladibl.com\/index.php?rest_route=\/wp\/v2\/posts"}],"about":[{"href":"https:\/\/www.mladibl.com\/index.php?rest_route=\/wp\/v2\/types\/post"}],"author":[{"embeddable":true,"href":"https:\/\/www.mladibl.com\/index.php?rest_route=\/wp\/v2\/users\/1"}],"replies":[{"embeddable":true,"href":"https:\/\/www.mladibl.com\/index.php?rest_route=%2Fwp%2Fv2%2Fcomments&post=16144"}],"version-history":[{"count":1,"href":"https:\/\/www.mladibl.com\/index.php?rest_route=\/wp\/v2\/posts\/16144\/revisions"}],"predecessor-version":[{"id":16157,"href":"https:\/\/www.mladibl.com\/index.php?rest_route=\/wp\/v2\/posts\/16144\/revisions\/16157"}],"wp:featuredmedia":[{"embeddable":true,"href":"https:\/\/www.mladibl.com\/index.php?rest_route=\/wp\/v2\/media\/16156"}],"wp:attachment":[{"href":"https:\/\/www.mladibl.com\/index.php?rest_route=%2Fwp%2Fv2%2Fmedia&parent=16144"}],"wp:term":[{"taxonomy":"category","embeddable":true,"href":"https:\/\/www.mladibl.com\/index.php?rest_route=%2Fwp%2Fv2%2Fcategories&post=16144"},{"taxonomy":"post_tag","embeddable":true,"href":"https:\/\/www.mladibl.com\/index.php?rest_route=%2Fwp%2Fv2%2Ftags&post=16144"}],"curies":[{"name":"wp","href":"https:\/\/api.w.org\/{rel}","templated":true}]}}