{"id":16141,"date":"2021-12-30T09:33:13","date_gmt":"2021-12-30T07:33:13","guid":{"rendered":"https:\/\/www.mladibl.com\/?p=16141"},"modified":"2021-12-30T11:06:00","modified_gmt":"2021-12-30T09:06:00","slug":"izmjena-rezima-u-odvijanju-saobracaja-u-centru-grada","status":"publish","type":"post","link":"https:\/\/www.mladibl.com\/?p=16141","title":{"rendered":"Izmjena re\u017eima u odvijanju saobra\u0107aja u centru grada"},"content":{"rendered":"\n<p>Zbog obilje\u017eavanja novogodi\u0161njih praznika u Banjoj Luci, u centralnoj gradskoj saobra\u0107ajnici, od hotela \u201eBosna\u201c do Ulice Marije Bursa\u0107 \u2013 od 29. decembra do 03. januara 2022. godine (do 05.30 \u010dasova), bi\u0107e obustavljen saobra\u0107aj.<\/p>\n\n\n\n<p>Za vrijeme trajanja obustave saobra\u0107aja na linijama javnog prevoza putnika koje saobra\u0107aju Ulicom kralja Petra I Kara\u0111or\u0111evi\u0107a, dio od Bulevara cara Du\u0161ana do Aleje Svetog Save, izvr\u0161i\u0107e se preusmjeravanje autobusa u Bulevar cara Du\u0161ana, ulice Kninska, Vidovdanska, Vuka Karad\u017ei\u0107a i dalje postoje\u0107om trasom.<\/p>\n\n\n\n<p>Podsje\u0107amo, za sve Banjalu\u010dane i turiste za novogodi\u0161nje praznike u na\u0161em gradu pripremljen je bogat muzi\u010dki program i mno\u0161tvo drugih zanimljivih sadr\u017eaja na Trgu Krajine i u Parku \u201ePetar Ko\u010di\u0107\u201c.<\/p>\n\n\n\n<p>Raspored i satnicu koncerata pogledajte <strong><a href=\"https:\/\/www.banjaluka.rs.ba\/docekajte-novu-u-banjoj-luci\/\" target=\"_blank\" rel=\"noreferrer noopener\">OVDJE<\/a><\/strong>.<\/p>\n\n\n\n<p>Preuzeto sa: <a href=\"https:\/\/www.banjaluka.rs.ba\/izmjena-rezima-u-odvijanju-saobracaja-u-centru-grada\/\" target=\"_blank\" rel=\"noreferrer noopener\">Grad Banja Luka<\/a><\/p>\n","protected":false},"excerpt":{"rendered":"<p>Zbog obilje\u017eavanja novogodi\u0161njih praznika u Banjoj Luci, u centralnoj gradskoj saobra\u0107ajnici, od hotela \u201eBosna\u201c do Ulice Marije Bursa\u0107 \u2013 od<\/p>\n","protected":false},"author":1,"featured_media":16163,"comment_status":"closed","ping_status":"open","sticky":false,"template":"","format":"standard","meta":{"om_disable_all_campaigns":false,"_monsterinsights_skip_tracking":false,"_monsterinsights_sitenote_active":false,"_monsterinsights_sitenote_note":"","_monsterinsights_sitenote_category":0,"footnotes":""},"categories":[2],"tags":[53,380,7550,1859],"class_list":["post-16141","post","type-post","status-publish","format-standard","has-post-thumbnail","hentry","category-vijesti","tag-banja-luka","tag-centar-grada","tag-izmjena","tag-saobracaj"],"jetpack_featured_media_url":"https:\/\/www.mladibl.com\/wp-content\/uploads\/2021\/12\/Izmjena-rezima-u-odvijanju-saobracaja-u-centru-grada.jpg","amp_enabled":true,"_links":{"self":[{"href":"https:\/\/www.mladibl.com\/index.php?rest_route=\/wp\/v2\/posts\/16141","targetHints":{"allow":["GET"]}}],"collection":[{"href":"https:\/\/www.mladibl.com\/index.php?rest_route=\/wp\/v2\/posts"}],"about":[{"href":"https:\/\/www.mladibl.com\/index.php?rest_route=\/wp\/v2\/types\/post"}],"author":[{"embeddable":true,"href":"https:\/\/www.mladibl.com\/index.php?rest_route=\/wp\/v2\/users\/1"}],"replies":[{"embeddable":true,"href":"https:\/\/www.mladibl.com\/index.php?rest_route=%2Fwp%2Fv2%2Fcomments&post=16141"}],"version-history":[{"count":1,"href":"https:\/\/www.mladibl.com\/index.php?rest_route=\/wp\/v2\/posts\/16141\/revisions"}],"predecessor-version":[{"id":16143,"href":"https:\/\/www.mladibl.com\/index.php?rest_route=\/wp\/v2\/posts\/16141\/revisions\/16143"}],"wp:featuredmedia":[{"embeddable":true,"href":"https:\/\/www.mladibl.com\/index.php?rest_route=\/wp\/v2\/media\/16163"}],"wp:attachment":[{"href":"https:\/\/www.mladibl.com\/index.php?rest_route=%2Fwp%2Fv2%2Fmedia&parent=16141"}],"wp:term":[{"taxonomy":"category","embeddable":true,"href":"https:\/\/www.mladibl.com\/index.php?rest_route=%2Fwp%2Fv2%2Fcategories&post=16141"},{"taxonomy":"post_tag","embeddable":true,"href":"https:\/\/www.mladibl.com\/index.php?rest_route=%2Fwp%2Fv2%2Ftags&post=16141"}],"curies":[{"name":"wp","href":"https:\/\/api.w.org\/{rel}","templated":true}]}}