{"id":16080,"date":"2021-12-28T09:38:32","date_gmt":"2021-12-28T07:38:32","guid":{"rendered":"https:\/\/www.mladibl.com\/?p=16080"},"modified":"2021-12-28T09:38:33","modified_gmt":"2021-12-28T07:38:33","slug":"srijedom-u-centar-kraj-1-sezone","status":"publish","type":"post","link":"https:\/\/www.mladibl.com\/?p=16080","title":{"rendered":"\u201cSrijedom u Centar\u201d: Kraj 1. sezone!"},"content":{"rendered":"\n<p>U srijedu, 29.12., emitova\u0107emo poslednju epizodu prve sezone na\u0161eg podcasta na koji smo jako ponosni. Imali smo preko 20 gostiju, pri\u010dali smo o mnogim temama koje se ti\u010du \u017eivotne sredine, podijelili smo mnoga iskustva sa njima i jedva \u010dekamo po\u010detak naredne sezone. U nastavku teksta donosimo vam kratak sadr\u017eaj svake epizode.<\/p>\n\n\n\n<p>00 \u2013 Za\u0161to podcast?<\/p>\n\n\n\n<p>U nultoj, odnosno pilot epizodi, ukratko smo se osvrnuli na razloge pokretanja podcasta. Gostovali su Tihomir Daki\u0107, Nata\u0161a Crnkovi\u0107 i Viktor Bjeli\u0107. Ovaj razgovor je vodila Sandra Josovi\u0107, dok je u svim narednim epizodama doma\u0107in Tihomir Daki\u0107.<\/p>\n\n\n\n<figure class=\"wp-block-embed is-type-video is-provider-youtube wp-block-embed-youtube wp-embed-aspect-16-9 wp-has-aspect-ratio\"><div class=\"wp-block-embed__wrapper\">\n<iframe loading=\"lazy\" title=\"Srijedom u Centar #00 - Za\u0161to podkast?\" width=\"800\" height=\"450\" src=\"https:\/\/www.youtube.com\/embed\/t29PRd6tmRk?list=PLoqr2SZTcGHWCE2um6OgriNjbHEYIRM5j\" frameborder=\"0\" allow=\"accelerometer; autoplay; clipboard-write; encrypted-media; gyroscope; picture-in-picture\" allowfullscreen><\/iframe>\n<\/div><\/figure>\n\n\n\n<p>01 \u2013 Boro Mari\u0107 (Visitor Centar Pecka)<\/p>\n\n\n\n<p>Boro Mari\u0107 je pokreta\u010d regionalno poznatog Visitor Centra Pecka, koje se nalazi na teritoriji Mrkonji\u0107 Grada. Sa Borom smo pri\u010dali o njegovoj ljubavi prema prirodi i selu Pecka, dotakli smo se Outdoor Festivala u Peckoj, crowdfunding kampanje Solarna Pecka koju smo zajedno pokrenuli, budu\u0107nosti sela i mnogo \u010dega drugog.<\/p>\n\n\n\n<figure class=\"wp-block-embed is-type-video is-provider-youtube wp-block-embed-youtube wp-embed-aspect-16-9 wp-has-aspect-ratio\"><div class=\"wp-block-embed__wrapper\">\n<iframe loading=\"lazy\" title=\"Srijedom u Centar #01 - Boro i Pecka\" width=\"800\" height=\"450\" src=\"https:\/\/www.youtube.com\/embed\/iFPDJIlQeiA?feature=oembed\" frameborder=\"0\" allow=\"accelerometer; autoplay; clipboard-write; encrypted-media; gyroscope; picture-in-picture\" allowfullscreen><\/iframe>\n<\/div><\/figure>\n\n\n\n<p>02 \u2013 Maida Bilal (Hrabre \u017eene Kru\u0161\u010dice)<\/p>\n\n\n\n<p>Maida Bilal je dobitnica Goldman nagrade, koja se dodjeljuje aktivistima za za\u0161titu \u017eivotnu sredinu. Maida je apsolutno zaslu\u017eila ovu nagradu, s obzirom na odjek koji je dobila borba koju je zajedno sa ostalim \u017eenama Kru\u0161\u010dice vodila za spas ove predivne rijeke.<\/p>\n\n\n\n<figure class=\"wp-block-embed is-type-video is-provider-youtube wp-block-embed-youtube wp-embed-aspect-16-9 wp-has-aspect-ratio\"><div class=\"wp-block-embed__wrapper\">\n<iframe loading=\"lazy\" title=\"Srijedom u Centar #02 - Maida Bilal, \u017dena Kru\u0161\u010dice\" width=\"800\" height=\"450\" src=\"https:\/\/www.youtube.com\/embed\/4fKEZqpiM8g?feature=oembed\" frameborder=\"0\" allow=\"accelerometer; autoplay; clipboard-write; encrypted-media; gyroscope; picture-in-picture\" allowfullscreen><\/iframe>\n<\/div><\/figure>\n\n\n\n<p>03 \u2013 Goran Piva\u0161evi\u0107 \u2013 Piva (Rekreativna zona Banja Luka)<\/p>\n\n\n\n<p>Goran Piva\u0161evi\u0107 jedan je od pokreta\u010da Rekreativne zone Banja Luka. Kada je osnovana RZBL? Kako je do\u0161lo do zabrane motornog saobra\u0107aja na Banj Brdo i \u0161ta je dovelo do pove\u0107anja broja rekreativaca? Dobili smo mnogo odgovora i \u010duli smo dosta zanimljivih podataka u nepuna dva sata razgovora.<\/p>\n\n\n\n<figure class=\"wp-block-embed is-type-video is-provider-youtube wp-block-embed-youtube wp-embed-aspect-16-9 wp-has-aspect-ratio\"><div class=\"wp-block-embed__wrapper\">\n<iframe loading=\"lazy\" title=\"Srijedom u Centar #03 - RZBL - Goran Piva\u0161evi\u0107\" width=\"800\" height=\"450\" src=\"https:\/\/www.youtube.com\/embed\/V_ldMOPAn9U?feature=oembed\" frameborder=\"0\" allow=\"accelerometer; autoplay; clipboard-write; encrypted-media; gyroscope; picture-in-picture\" allowfullscreen><\/iframe>\n<\/div><\/figure>\n\n\n\n<p>04 \u2013 Majda Ibrakovi\u0107 (Energija i klimatske promjene, CZZS)<\/p>\n\n\n\n<p>Klimatske promjene postale su o\u010digledne. Trenutno smo u jo\u0161 jednom decembru bez snijega. Kao \u0161to Majda ka\u017ee, treba da se naviknemo na to, jer neke stvari su postale nova normalnost. O genezi problema energije u Bosni i Hercegovini, uglju kao fosilnom gorivu \u010diji kraj naziremo, kao i o mogu\u0107nostima i potencijalima solarne i vjetro energije u BiH, pri\u010dali smo sa Majdom Ibrakovi\u0107 iz Centra za \u017eivotnu sredinu.<\/p>\n\n\n\n<figure class=\"wp-block-embed is-type-video is-provider-youtube wp-block-embed-youtube wp-embed-aspect-16-9 wp-has-aspect-ratio\"><div class=\"wp-block-embed__wrapper\">\n<iframe loading=\"lazy\" title=\"Srijedom u Centar #04 - Imamo li energije za klimatske promjene?\" width=\"800\" height=\"450\" src=\"https:\/\/www.youtube.com\/embed\/eTZF5Qwlh18?feature=oembed\" frameborder=\"0\" allow=\"accelerometer; autoplay; clipboard-write; encrypted-media; gyroscope; picture-in-picture\" allowfullscreen><\/iframe>\n<\/div><\/figure>\n\n\n\n<p>05 \u2013 Jelena Ivani\u0107, Dragana Skenderija i Viktor Bjeli\u0107 (Sloboda rijekama, energija gra\u0111anima, CZZS )<\/p>\n\n\n\n<p>Nastavak upoznavanja sa ljudima koji rade u Centru za \u017eivotnu sredinu. U petoj epizodi gostovali su Jelena Ivani\u0107, Dragana Skenderija i Viktor Bjeli\u0107, s kojima smo razgovarali o velikim posljedicama koje za sobom ostavljaju male hidroelektrane, o gra\u0111anskoj energiji, ali i o malverzacijama u re\u017eiji investitora.<\/p>\n\n\n\n<figure class=\"wp-block-embed is-type-video is-provider-youtube wp-block-embed-youtube wp-embed-aspect-16-9 wp-has-aspect-ratio\"><div class=\"wp-block-embed__wrapper\">\n<iframe loading=\"lazy\" title=\"Srijedom u Centar #05 - Sloboda rijekama, energija gra\u0111anima!\" width=\"800\" height=\"450\" src=\"https:\/\/www.youtube.com\/embed\/0H_rsQ01Jog?feature=oembed\" frameborder=\"0\" allow=\"accelerometer; autoplay; clipboard-write; encrypted-media; gyroscope; picture-in-picture\" allowfullscreen><\/iframe>\n<\/div><\/figure>\n\n\n\n<p>06 \u2013 Dragan Kabi\u0107 i Damir Margeta (Evropska sedmica mobilnosti i urbana mobilnost u Kantonu Sarajevo)<\/p>\n\n\n\n<p>Dragan Kabi\u0107 i Damir Margeta u ovoj epizodi pri\u010daju o tome kako se tokom po\u010detka pandemije gu\u017eva stvarala ispred pekara i biciklisti\u010dkih radnji, o upotrebi i problemima koje na ulicama stvaraju elektri\u010dni trotineti, ali ponajvi\u0161e o biciklisti\u010dkoj infrastrukturi.<\/p>\n\n\n\n<figure class=\"wp-block-embed is-type-video is-provider-youtube wp-block-embed-youtube wp-embed-aspect-16-9 wp-has-aspect-ratio\"><div class=\"wp-block-embed__wrapper\">\n<iframe loading=\"lazy\" title=\"Srijedom u Centar #06 - Evropska sedmica mobilnosti i urbana mobilnost u Kantonu Sarajevo\" width=\"800\" height=\"450\" src=\"https:\/\/www.youtube.com\/embed\/frvrs1VPLsU?feature=oembed\" frameborder=\"0\" allow=\"accelerometer; autoplay; clipboard-write; encrypted-media; gyroscope; picture-in-picture\" allowfullscreen><\/iframe>\n<\/div><\/figure>\n\n\n\n<p>07 \u2013 Nata\u0161a Crnkovi\u0107 i Aleksandra-Anja Dragomirovi\u0107 (Biodiverzitet i za\u0161ti\u0107ena podru\u010dja, , CZZS )<\/p>\n\n\n\n<p>Vremenski najdu\u017ea epizoda podcasta u prvoj sezoni! Razgovarali smo sa na\u0161im kolegicama Nata\u0161om Crnkovi\u0107 i Anjom Dragomirovi\u0107 iz Centra za \u017eivotnu sredinu, iz programa Biodiverzitet i za\u0161ti\u0107ena podru\u010dja. Mnogo se pri\u010dalo o za\u0161ti\u0107enim podru\u010djima, o njihovim vrijednostima i ljepotama , a pri\u010dali smo i o za\u0161titi mrkog medvjeda na podru\u010dju Bosne i Hercegovine.<\/p>\n\n\n\n<figure class=\"wp-block-embed is-type-video is-provider-youtube wp-block-embed-youtube wp-embed-aspect-16-9 wp-has-aspect-ratio\"><div class=\"wp-block-embed__wrapper\">\n<iframe loading=\"lazy\" title=\"Srijedom u Centar #07 - Biodiverzitet i za\u0161ti\u0107ena podru\u010dja\" width=\"800\" height=\"450\" src=\"https:\/\/www.youtube.com\/embed\/PC3EfKNCZqY?feature=oembed\" frameborder=\"0\" allow=\"accelerometer; autoplay; clipboard-write; encrypted-media; gyroscope; picture-in-picture\" allowfullscreen><\/iframe>\n<\/div><\/figure>\n\n\n\n<p>08 \u2013 Dragan Kabi\u0107 i Ivan Bojani\u0107 (Odr\u017eivi transport i urbana mobilnost, CZZS )<\/p>\n\n\n\n<p>Kakva je situacija sa biciklizmom u Banjoj Luci? \u0160ta predstavlja koncept odr\u017eivog transporta? \u0160ta je banjalu\u010dka kriti\u010dna masa i za\u0161to na\u0161i ljudi voze bicikl po trotoarima? Da li je vo\u017enja bicikla po trotoaru zakonom zabranjena? To su samo neke od tema o kojima smo razgovarali sa na\u0161im kolegama Draganom Kabi\u0107em i Ivanom Bojani\u0107em iz programa Transport u Centru za \u017eivotnu sredinu.<\/p>\n\n\n\n<figure class=\"wp-block-embed is-type-video is-provider-youtube wp-block-embed-youtube wp-embed-aspect-16-9 wp-has-aspect-ratio\"><div class=\"wp-block-embed__wrapper\">\n<iframe loading=\"lazy\" title=\"Srijedom u Centar #08 - Odr\u017eivi transport i urbana mobilnost\" width=\"800\" height=\"450\" src=\"https:\/\/www.youtube.com\/embed\/6JAjxmiQC8c?feature=oembed\" frameborder=\"0\" allow=\"accelerometer; autoplay; clipboard-write; encrypted-media; gyroscope; picture-in-picture\" allowfullscreen><\/iframe>\n<\/div><\/figure>\n\n\n\n<p>09 \u2013 Ana D\u017eoki\u0107, Mom\u010dilo \u0110uki\u0107 i Viktor Bjeli\u0107 (Gra\u0111anska energija)<\/p>\n\n\n\n<p>U Banjoj Luci imamo jedan apsurd, a to je da je grijanje na gradsku toplanu \u2013 najskuplje. Koja su mogu\u0107a rje\u0161enja? Da li je jedno od tih rje\u0161enja u gra\u0111anskoj energiji? Kakva je situacija sa gra\u0111anskom energijom u Srbiji?<\/p>\n\n\n\n<figure class=\"wp-block-embed is-type-video is-provider-youtube wp-block-embed-youtube wp-embed-aspect-16-9 wp-has-aspect-ratio\"><div class=\"wp-block-embed__wrapper\">\n<iframe loading=\"lazy\" title=\"Srijedom u Centar #09 - Gra\u0111anska energija\" width=\"800\" height=\"450\" src=\"https:\/\/www.youtube.com\/embed\/7BVk-XH7g_Q?feature=oembed\" frameborder=\"0\" allow=\"accelerometer; autoplay; clipboard-write; encrypted-media; gyroscope; picture-in-picture\" allowfullscreen><\/iframe>\n<\/div><\/figure>\n\n\n\n<p>10 \u2013 Marijana Kapovi\u0107 \u2013 Solomun (\u0160umarski fakultet Univerziteta u Banjoj Luci) i Nemanja Milovi\u0107 (osniva\u010d i urednik portala \u201cKlima 101\u201d)<\/p>\n\n\n\n<p>Marijana je dekanica \u0160umarskog fakulteta u Banjoj Luci. Jedna od njenih te\u017enji jeste da se akademska zajednica aktivno uklju\u010di u problematiku klimatskih promjena. Nemanja dijeli isti stav, na malo druga\u010diji na\u010din \u2013 on je istakao da trenutno do\u017eivljavamo renesansu ekolo\u0161kih tema.<\/p>\n\n\n\n<figure class=\"wp-block-embed is-type-video is-provider-youtube wp-block-embed-youtube wp-embed-aspect-16-9 wp-has-aspect-ratio\"><div class=\"wp-block-embed__wrapper\">\n<iframe loading=\"lazy\" title=\"Srijedom u Centar #10 - Klimatske promjene i mi\" width=\"800\" height=\"450\" src=\"https:\/\/www.youtube.com\/embed\/pCcpPFm8PJw?feature=oembed\" frameborder=\"0\" allow=\"accelerometer; autoplay; clipboard-write; encrypted-media; gyroscope; picture-in-picture\" allowfullscreen><\/iframe>\n<\/div><\/figure>\n\n\n\n<p>11 \u2013 Dobrica Veselinovi\u0107 (Ne da(vi)mo Beograd)<\/p>\n\n\n\n<p>\u0160to se ti\u010de politi\u010dke borbe za za\u0161titu \u017eivotne sredine, Dobrica Veselinovi\u0107 je jedno od poznatijih imena u regionu. Nekoliko dana prije njegovog gostovanja, u Srbiji je do\u0161lo do blokade saobra\u0107aja u mnogim gradovima. Povoda za to bilo je mnogo, ali kao onaj krovni navodi se dolazak kompanije Rio Tinto u Srbiju.<\/p>\n\n\n\n<figure class=\"wp-block-embed is-type-video is-provider-youtube wp-block-embed-youtube wp-embed-aspect-16-9 wp-has-aspect-ratio\"><div class=\"wp-block-embed__wrapper\">\n<iframe loading=\"lazy\" title=\"Srijedom u Centar #11 - Dobrica Veselinovi\u0107 -  Druga\u010dije je mogu\u0107e\" width=\"800\" height=\"450\" src=\"https:\/\/www.youtube.com\/embed\/Ef4e4aAHhlY?feature=oembed\" frameborder=\"0\" allow=\"accelerometer; autoplay; clipboard-write; encrypted-media; gyroscope; picture-in-picture\" allowfullscreen><\/iframe>\n<\/div><\/figure>\n\n\n\n<p>12 \u2013 Milja Vukovi\u0107 (Divlji Beograd)<\/p>\n\n\n\n<p>Milja Vukovi\u0107, ekolo\u0161ka aktivistica iz Beograda, pokreta\u010dica inicijativa \u201cDivlji Beograd\u201d i \u201cManje sme\u0107a, vi\u0161e sre\u0107e\u201d u dvanaestoj epizodi podkasta govori o tome kako je otpad dio za\u0161tite \u017eivotne sredine, koja je uloga i snaga pojedinca u tom problemu, ali i predstavlja pozitivne prakse koje u svakodnevnom \u017eivotu mogu zna\u010dajno da smanje koli\u010dinu otpada.<\/p>\n\n\n\n<figure class=\"wp-block-embed is-type-video is-provider-youtube wp-block-embed-youtube wp-embed-aspect-16-9 wp-has-aspect-ratio\"><div class=\"wp-block-embed__wrapper\">\n<iframe loading=\"lazy\" title=\"Srijedom u Centar #12 - Milja Vukovi\u0107 - Snaga svakodnevnih eko-izbora\" width=\"800\" height=\"450\" src=\"https:\/\/www.youtube.com\/embed\/afgBwVgVWSo?feature=oembed\" frameborder=\"0\" allow=\"accelerometer; autoplay; clipboard-write; encrypted-media; gyroscope; picture-in-picture\" allowfullscreen><\/iframe>\n<\/div><\/figure>\n\n\n\n<p>Preuzeto sa: Centar za \u017eivotnu sredinu<\/p>\n","protected":false},"excerpt":{"rendered":"<p>U srijedu, 29.12., emitova\u0107emo poslednju epizodu prve sezone na\u0161eg podcasta na koji smo jako ponosni. Imali smo preko 20 gostiju,<\/p>\n","protected":false},"author":1,"featured_media":16068,"comment_status":"closed","ping_status":"open","sticky":false,"template":"","format":"standard","meta":{"om_disable_all_campaigns":false,"_monsterinsights_skip_tracking":false,"_monsterinsights_sitenote_active":false,"_monsterinsights_sitenote_note":"","_monsterinsights_sitenote_category":0,"footnotes":""},"categories":[370],"tags":[53,2676,4412,5470],"class_list":["post-16080","post","type-post","status-publish","format-standard","has-post-thumbnail","hentry","category-ostalo","tag-banja-luka","tag-centar-za-zivotnu-sredinu","tag-podcast","tag-srijedom-u-centar"],"jetpack_featured_media_url":"https:\/\/www.mladibl.com\/wp-content\/uploads\/2021\/12\/Srijedom-u-centar.jpg","amp_enabled":true,"_links":{"self":[{"href":"https:\/\/www.mladibl.com\/index.php?rest_route=\/wp\/v2\/posts\/16080","targetHints":{"allow":["GET"]}}],"collection":[{"href":"https:\/\/www.mladibl.com\/index.php?rest_route=\/wp\/v2\/posts"}],"about":[{"href":"https:\/\/www.mladibl.com\/index.php?rest_route=\/wp\/v2\/types\/post"}],"author":[{"embeddable":true,"href":"https:\/\/www.mladibl.com\/index.php?rest_route=\/wp\/v2\/users\/1"}],"replies":[{"embeddable":true,"href":"https:\/\/www.mladibl.com\/index.php?rest_route=%2Fwp%2Fv2%2Fcomments&post=16080"}],"version-history":[{"count":1,"href":"https:\/\/www.mladibl.com\/index.php?rest_route=\/wp\/v2\/posts\/16080\/revisions"}],"predecessor-version":[{"id":16081,"href":"https:\/\/www.mladibl.com\/index.php?rest_route=\/wp\/v2\/posts\/16080\/revisions\/16081"}],"wp:featuredmedia":[{"embeddable":true,"href":"https:\/\/www.mladibl.com\/index.php?rest_route=\/wp\/v2\/media\/16068"}],"wp:attachment":[{"href":"https:\/\/www.mladibl.com\/index.php?rest_route=%2Fwp%2Fv2%2Fmedia&parent=16080"}],"wp:term":[{"taxonomy":"category","embeddable":true,"href":"https:\/\/www.mladibl.com\/index.php?rest_route=%2Fwp%2Fv2%2Fcategories&post=16080"},{"taxonomy":"post_tag","embeddable":true,"href":"https:\/\/www.mladibl.com\/index.php?rest_route=%2Fwp%2Fv2%2Ftags&post=16080"}],"curies":[{"name":"wp","href":"https:\/\/api.w.org\/{rel}","templated":true}]}}