{"id":1586,"date":"2020-05-28T11:43:43","date_gmt":"2020-05-28T09:43:43","guid":{"rendered":"http:\/\/www.mladibl.com\/?p=1586"},"modified":"2020-05-28T11:43:46","modified_gmt":"2020-05-28T09:43:46","slug":"nacrt-rebalansa-gradskog-budzeta-na-javnoj-raspravi","status":"publish","type":"post","link":"https:\/\/www.mladibl.com\/?p=1586","title":{"rendered":"Nacrt rebalansa gradskog bud\u017eeta na javnoj raspravi"},"content":{"rendered":"\n<p>Nacrt rebalansa bud\u017eeta Grada Banja Luka za 2020. godinu upu\u0107en je u javnu raspravu, koja traje od danas, 28. maja do 4. juna.<\/p>\n\n\n\n<p>U skladu sa aktuelnom epidemiolo\u0161kom situacijom, rasprava \u0107e biti organizovana elektronskim putem odnosno svi zainteresovani nacrt rebalansa mogu pogledati na sajtu Grada (www.banjaluka.rs.ba). Svoje mi\u0161ljenje, sugestije i primjedbe mogu uputiti nadle\u017enom Odjeljenju za finansije elektronskim putem, na adresu: <a href=\"mailto:primjedbe@banjaluka.rs.ba\" target=\"_blank\" rel=\"noreferrer noopener\" aria-label=\"primjedbe@banjaluka.rs.ba (opens in a new tab)\">primjedbe@banjaluka.rs.ba<\/a><\/p>\n\n\n\n<p>Skup\u0161tina grada je ju\u010de na vanrednom zasjedanju usvojila Nacrt rebalansa gradskog bud\u017eeta u iznosu 147,5 miliona KM, koji je, usljed ekonomskih posljedica izazvanih epidemijom korona virusa, ni\u017ei za 3,1 milion KM odnosu na planirani bud\u017eet za ovu godinu.<\/p>\n\n\n\n<p>Nacrt mo\u017eete preuzeti <strong><a href=\"http:\/\/www.banjaluka.rs.ba\/wp-content\/uploads\/2020\/05\/FINAL_NACRT-REBALANSA_2020_za-SG.pdf\" target=\"_blank\" rel=\"noreferrer noopener\" aria-label=\"ovdje (opens in a new tab)\">ovdje<\/a><\/strong>.<\/p>\n\n\n\n<p>Preuzeto sa: <a href=\"http:\/\/www.banjaluka.rs.ba\/%d0%bd%d0%b0%d1%86%d1%80%d1%82-%d1%80%d0%b5%d0%b1%d0%b0%d0%bb%d0%b0%d0%bd%d1%81%d0%b0-%d0%b3%d1%80%d0%b0%d0%b4%d1%81%d0%ba%d0%be%d0%b3-%d0%b1%d1%83%d1%9f%d0%b5%d1%82%d0%b0-%d0%bd%d0%b0-%d1%98%d0%b0-2\/\" target=\"_blank\" rel=\"noreferrer noopener\" aria-label=\"Grad Banja Luka (opens in a new tab)\">Grad Banja Luka<\/a><\/p>\n","protected":false},"excerpt":{"rendered":"<p>Nacrt rebalansa bud\u017eeta Grada Banja Luka za 2020. godinu upu\u0107en je u javnu raspravu, koja traje od danas, 28. maja<\/p>\n","protected":false},"author":1,"featured_media":115,"comment_status":"closed","ping_status":"open","sticky":false,"template":"","format":"standard","meta":{"om_disable_all_campaigns":false,"_monsterinsights_skip_tracking":false,"_monsterinsights_sitenote_active":false,"_monsterinsights_sitenote_note":"","_monsterinsights_sitenote_category":0,"footnotes":""},"categories":[2],"tags":[692,27,691],"class_list":["post-1586","post","type-post","status-publish","format-standard","has-post-thumbnail","hentry","category-vijesti","tag-budzet","tag-grad-banja-luka","tag-rebalans"],"jetpack_featured_media_url":"https:\/\/www.mladibl.com\/wp-content\/uploads\/2019\/10\/grad-banja-luka.png","amp_enabled":true,"_links":{"self":[{"href":"https:\/\/www.mladibl.com\/index.php?rest_route=\/wp\/v2\/posts\/1586","targetHints":{"allow":["GET"]}}],"collection":[{"href":"https:\/\/www.mladibl.com\/index.php?rest_route=\/wp\/v2\/posts"}],"about":[{"href":"https:\/\/www.mladibl.com\/index.php?rest_route=\/wp\/v2\/types\/post"}],"author":[{"embeddable":true,"href":"https:\/\/www.mladibl.com\/index.php?rest_route=\/wp\/v2\/users\/1"}],"replies":[{"embeddable":true,"href":"https:\/\/www.mladibl.com\/index.php?rest_route=%2Fwp%2Fv2%2Fcomments&post=1586"}],"version-history":[{"count":1,"href":"https:\/\/www.mladibl.com\/index.php?rest_route=\/wp\/v2\/posts\/1586\/revisions"}],"predecessor-version":[{"id":1587,"href":"https:\/\/www.mladibl.com\/index.php?rest_route=\/wp\/v2\/posts\/1586\/revisions\/1587"}],"wp:featuredmedia":[{"embeddable":true,"href":"https:\/\/www.mladibl.com\/index.php?rest_route=\/wp\/v2\/media\/115"}],"wp:attachment":[{"href":"https:\/\/www.mladibl.com\/index.php?rest_route=%2Fwp%2Fv2%2Fmedia&parent=1586"}],"wp:term":[{"taxonomy":"category","embeddable":true,"href":"https:\/\/www.mladibl.com\/index.php?rest_route=%2Fwp%2Fv2%2Fcategories&post=1586"},{"taxonomy":"post_tag","embeddable":true,"href":"https:\/\/www.mladibl.com\/index.php?rest_route=%2Fwp%2Fv2%2Ftags&post=1586"}],"curies":[{"name":"wp","href":"https:\/\/api.w.org\/{rel}","templated":true}]}}