{"id":15815,"date":"2021-12-20T00:45:24","date_gmt":"2021-12-19T22:45:24","guid":{"rendered":"https:\/\/www.mladibl.com\/?p=15815"},"modified":"2021-12-20T00:45:25","modified_gmt":"2021-12-19T22:45:25","slug":"javni-poziv-lokalnim-zajednicama-javnim-ustanovama-i-vladinim-organizacijama-za-iskazivanje-interesa-za-ucesce-u-programu-podrske-preduzetnistvu","status":"publish","type":"post","link":"https:\/\/www.mladibl.com\/?p=15815","title":{"rendered":"Javni poziv lokalnim zajednicama, javnim ustanovama i vladinim organizacijama za iskazivanje interesa za u\u010de\u0161\u0107e u programu podr\u0161ke preduzetni\u0161tvu"},"content":{"rendered":"\n<p>Udru\u017eenje trenera CEFE u BiH u sklopu Programa podr\u0161ke preduzetni\u0161tvu u Bosni i Hercegovini, objavljuje javni poziv lokalnim zajednicama (op\u0161tinama i gradovima), javnim ustanovama i vladinim organizacijama za iskazivanje interesa za u\u010de\u0161\u0107e u projektima podr\u0161ke preduzetni\u0161tvu na teritorijama svojih interesnih podru\u010dja u toku 2022. godine.<\/p>\n\n\n\n<p>CEFE BiH implementira Program podr\u0161ke preduzetni\u0161tvu od 2014. godine i do sada je kroz partnerstva sa me\u0111unarodnim i doma\u0107im organizacijama i donatorima podr\u017eano osnivanje vi\u0161e stotina novih preduze\u0107a, a kroz programa podr\u0161ke obu\u010deno je vi\u0161e od hiljadu preduzetnika.<\/p>\n\n\n\n<p>U sklopu programa podr\u0161ke preduzetni\u0161tvu je podr\u0161ka odabranim kandidatima (potencijalnim preduzetnicima) u ja\u010danju preduzetni\u010dkih vje\u0161tina, razvoju poslovne ideje, povezivanju sa ciljnim tr\u017ei\u0161tima, osnivanju i pokretanju rada poslovnih subjekata, te pra\u0107enju i stru\u010dnoj podr\u0161ci (mentoringu, kou\u010dingu) nakon osnivanja i pokretanja poslovnih subjekata.<\/p>\n\n\n\n<p>Iskazivanje interesa lokalnih zajednica (op\u0161tina i gradova), javnih ustanova i vladinih organizacija podrazumijeva spremnost za sufinansiranje programa podr\u0161ke, te mobilizaciju dovoljnog broja kandidata za podr\u0161ku.<\/p>\n\n\n\n<p>Ovaj javni poziv otvoren je do 30.12.2021. godine do 16.00 sati.<\/p>\n\n\n\n<p>Puni tekst Javnog poziva preuzmite <strong><a href=\"https:\/\/drive.google.com\/file\/d\/1j-gBhuvUUp6YLFF5267jBHdP9SDemw9v\/view?usp=sharing\" target=\"_blank\" rel=\"noreferrer noopener\">OVDJE<\/a><\/strong>.<\/p>\n\n\n\n<p>Format Pisma za iskazivanje interesa preuzmite <strong><a href=\"https:\/\/docs.google.com\/document\/d\/1a8lrg6Mjucu9oynuJSBxqhOW6YJuU1mr\/edit?usp=sharing&amp;ouid=106998591140912620355&amp;rtpof=true&amp;sd=true\" target=\"_blank\" rel=\"noreferrer noopener\">OVDJE<\/a><\/strong>.<\/p>\n\n\n\n<p>Preuzeto sa: <a href=\"https:\/\/cefebih.org\/javni-poziv-lokalnim-zajednicama-javnim-ustanovama-i-vladinim-organizacijama-za-iskazivanje-interesa-za-ucesce-u-programu-podrske-preduzetnistvu\/\" target=\"_blank\" rel=\"noreferrer noopener\">CEFE BiH<\/a><\/p>\n","protected":false},"excerpt":{"rendered":"<p>Udru\u017eenje trenera CEFE u BiH u sklopu Programa podr\u0161ke preduzetni\u0161tvu u Bosni i Hercegovini, objavljuje javni poziv lokalnim zajednicama (op\u0161tinama<\/p>\n","protected":false},"author":1,"featured_media":15801,"comment_status":"closed","ping_status":"open","sticky":false,"template":"","format":"standard","meta":{"om_disable_all_campaigns":false,"_monsterinsights_skip_tracking":false,"_monsterinsights_sitenote_active":false,"_monsterinsights_sitenote_note":"","_monsterinsights_sitenote_category":0,"footnotes":""},"categories":[370],"tags":[3520,218,879,526,170,1102,7423],"class_list":["post-15815","post","type-post","status-publish","format-standard","has-post-thumbnail","hentry","category-ostalo","tag-javne-ustanove","tag-javni-poziv","tag-lokalne-zajednice","tag-podrska","tag-preduzetnistvo","tag-program","tag-vladine-organizacije"],"jetpack_featured_media_url":"https:\/\/www.mladibl.com\/wp-content\/uploads\/2021\/12\/javni-poziv-lokalnim-zajednicama-opstinama-i-gradovima-javnim-ustanovama-i-vladinim-organizacijama.jpg","amp_enabled":true,"_links":{"self":[{"href":"https:\/\/www.mladibl.com\/index.php?rest_route=\/wp\/v2\/posts\/15815","targetHints":{"allow":["GET"]}}],"collection":[{"href":"https:\/\/www.mladibl.com\/index.php?rest_route=\/wp\/v2\/posts"}],"about":[{"href":"https:\/\/www.mladibl.com\/index.php?rest_route=\/wp\/v2\/types\/post"}],"author":[{"embeddable":true,"href":"https:\/\/www.mladibl.com\/index.php?rest_route=\/wp\/v2\/users\/1"}],"replies":[{"embeddable":true,"href":"https:\/\/www.mladibl.com\/index.php?rest_route=%2Fwp%2Fv2%2Fcomments&post=15815"}],"version-history":[{"count":1,"href":"https:\/\/www.mladibl.com\/index.php?rest_route=\/wp\/v2\/posts\/15815\/revisions"}],"predecessor-version":[{"id":15816,"href":"https:\/\/www.mladibl.com\/index.php?rest_route=\/wp\/v2\/posts\/15815\/revisions\/15816"}],"wp:featuredmedia":[{"embeddable":true,"href":"https:\/\/www.mladibl.com\/index.php?rest_route=\/wp\/v2\/media\/15801"}],"wp:attachment":[{"href":"https:\/\/www.mladibl.com\/index.php?rest_route=%2Fwp%2Fv2%2Fmedia&parent=15815"}],"wp:term":[{"taxonomy":"category","embeddable":true,"href":"https:\/\/www.mladibl.com\/index.php?rest_route=%2Fwp%2Fv2%2Fcategories&post=15815"},{"taxonomy":"post_tag","embeddable":true,"href":"https:\/\/www.mladibl.com\/index.php?rest_route=%2Fwp%2Fv2%2Ftags&post=15815"}],"curies":[{"name":"wp","href":"https:\/\/api.w.org\/{rel}","templated":true}]}}