{"id":15813,"date":"2021-12-20T00:42:35","date_gmt":"2021-12-19T22:42:35","guid":{"rendered":"https:\/\/www.mladibl.com\/?p=15813"},"modified":"2021-12-20T00:42:36","modified_gmt":"2021-12-19T22:42:36","slug":"selfcareweek-vreme-je-za-self-improvement","status":"publish","type":"post","link":"https:\/\/www.mladibl.com\/?p=15813","title":{"rendered":"SelfCareWeek &#8211; Vreme je za self-improvement!"},"content":{"rendered":"\n<p>Sigurno \u0107ete se slo\u017eiti da ispra\u0107amo jo\u0161 jednu godinu u kojoj smo puno radili na prilago\u0111avanju, strpljenju i li\u010dnoj spoznaji. Sate i dane do nove brojimo, ne samo da bismo staru ispratili ve\u0107 se osvrnuli i zahvalili svemu onome \u0161to smo do sada postigli i nau\u010dili.<\/p>\n\n\n\n<p>Kako je decembar mesec darivanja, sumiranja utisaka i postavljanja novih namera\/ciljeva, i ove godine \u017eelimo da vas obradujemo i pozovemo da nam se pridru\u017eite u radu na sebi, kako bismo se zajedno pripremili za sve ono \u010demu u novoj godini stremimo.<\/p>\n\n\n\n<p>Pro\u0161logodi\u0161nju #GivingBack nedelju sada obla\u010dimo u novo ruho ali se istih tonova i dalje dr\u017eimo.<\/p>\n\n\n\n<p>Kako vam zvu\u010di #SelfCareWeek? \ud83d\ude42<\/p>\n\n\n\n<p>Well, let\u2019s go, it\u2019s time to focus on self-improvement! BlueGrid ponovo otvara svoja Zoom vrata za sve koji \u017eele da \u010duju, nau\u010de i primene savete, ideje i trikove sa predavanja na\u0161ih sjajnih panelista.<\/p>\n\n\n\n<p>#SelfCareWeek po\u010dinje 17.12. i ima\u0107emo divne razloge da se online sastajemo radnim danima sve do 24.12. kada je i poslednje predavanje u nizu.<\/p>\n\n\n\n<p>\u010cekirajte ispod teme i pogledajte koji predava\u010di su odlu\u010dili da ove godine sa nama podele svoje znanje i vredne savete. Jednostavno se prijavite i ne zaboravite da ovo podelite sa svojim prijateljima i time im ulep\u0161ate praznike! \ud83d\ude42<\/p>\n\n\n\n<p>REZERVISI SVOJE MESTO OVDE<\/p>\n\n\n\n<p>Agenda<\/p>\n\n\n\n<p>PETAK 17.12.2021 u 17h &#8211; Digitalni detox<br>Marija Meseld\u017eija, Psiholog i Project Manager, Rezilient<br>Marija \u0107e u ovom predavanju sa nama pri\u010dati o efektima koje konstantna izlo\u017eenost tehnologiji ima na na\u0161e blagostanje. Ima\u0107emo priliku da saznamo vi\u0161e o digitalnom burnout-u, i kako da prepoznamo njegove simptome kod sebe.<\/p>\n\n\n\n<p>Za sam kraj predavanja, bi\u0107e obra\u0111eni i razli\u010diti &#8220;detoks&#8221; saveti i tehnike koje mogu da nam pomognu da se oporavimo od digitalnog sagorevanja, a da i dalje ostanemo online.<\/p>\n\n\n\n<p>Marija Meseld\u017eija koja \u0107e voditi ovo predavanje je psiholog i Project Manager u Rezilientu. Posve\u0107ena je razvoju i osna\u017eivanju ljudi koji \u017eele da rade na sebi i unapre\u0111uju svoje blagostanje. Na svom putu se najvi\u0161e bavi temom mentalnog zdravlja i blagostanja zaposlenih.<\/p>\n\n\n\n<p>PONEDELJAK 20.12.2021 u 17h &#8211; Odlaganje STOP<br>Jana Kuki\u0107, Psiholog i psiholo\u0161ki savetnik, Rezilient<br>Tema sa kojom smo se \u010desto kroz \u017eivot i svakodnevni ritam sretali. Odlaganje ili prokrastinacija mo\u017ee da bude glavni ometa\u010d u obavljanju aktivnosti.<\/p>\n\n\n\n<p>Kako bismo uspe\u0161no radili na prevazila\u017eenju, potrebno je da nau\u010dimo da prepoznamo momente u kojima se odlaganje javi, da razumemo i adresiramo razloge koji dovode do bega u carstvo prokrastinacije.<\/p>\n\n\n\n<p>Janino predavanje usmereno je na predstavljanje smernica za prevazila\u017eenje \u0161tetne navike odlaganja. Polaze\u0107i od razumevanja kako razmi\u0161ljanjem, ose\u0107anjima i pona\u0161anjem odr\u017eavamo sebe u za\u010daranom krugu odlaganja Jana \u0107e nam predstaviti i tehnike za gra\u0111enje zdrave navike \u2013 obavljanja va\u017enih zadataka na vreme.<\/p>\n\n\n\n<p>Jana Kuki\u0107 koja \u0107e voditi ovo predavanje je master psiholog, a svoja profesionalna interesovanja objedinila je kroz savetodavni i kou\u010ding rad, kao i vo\u0111enje soft skills edukacija. Fokus rada joj je osna\u017eivanje pojedinaca za prevazila\u017eenje emocionalnih problema koji su prepreka kvalitetnijem \u017eivotu.<\/p>\n\n\n\n<p>UTORAK 21.12.2021 u 17h- Osnove eksterne komunikacije<br>Davor Marko, Doktor komunikolo\u0161kih nauka<br>Komunikacija je osnov razmene informacija, a kako bi se nesporazumi i gre\u0161ke u interpretaciji izbegle, proces komunikacije je prethodno potrebno dobro oslmisliti i isplanirati.<\/p>\n\n\n\n<p>Davor \u0107e nam u svom izlaganju pomo\u0107i da razumemo procese i odgovorimo na slede\u0107a pitanja:<\/p>\n\n\n\n<p>Kako efektno komunicirati sebe, svoju organizaciju i svoje proizvode i usluge?<br>Kako se prilagoditi razli\u010ditim ciljanim grupama?<br>Kako se pripremiti za javni nastup, prezentaciju, sastanak?<br>\u0160ta je pravilo &#8216;broja 3&#8217; i zna\u010daj vizuelnog?<br>Sa osvrtom i na komunikaciju sa javno\u0161\u0107u, Davor \u0107e nam pomo\u0107i da u odre\u0111enim situacijama efikasno primenimo ve\u0161tine i znanja koja smo stekli iz razli\u010ditih oblasti.<\/p>\n\n\n\n<p>Davor Marko koji \u0107e voditi ovo predavanje je doktor komunikolo\u0161kih nauka, sa vi\u0161e od dvadeset godina prakse u oblasti strate\u0161kog komuniciranja, eksternog komuniciranja, javnih nastupa i medijskog razvoja. Trenutno koordinira aktivnosti pru\u017eanja poslovne podr\u0161ke medijima unutar najve\u0107eg medijskog projekta u zemljama Zapadnog Balkana &#8211; Media for All.<\/p>\n\n\n\n<p>SREDA 22.12.2021 u 17h &#8211; Self Leadership<br>Dejan \u017divkovi\u0107, Psiholog i korporativni trener, Intergrativa<br>&#8221;Self Leadership \u2013 ve\u0161tina li\u010dnog liderstva&#8221;<\/p>\n\n\n\n<p>Onaj ko vlada sobom, kralj je svog \u017eivota. Problem je samo \u0161to veliki broj ljudi, \u2019\u2019vlast\u2019\u2019 predaje drugim ljudima, \u017eivotnim okolnostima, sre\u0107i\u2026<\/p>\n\n\n\n<p>Self Leadership nas u\u010di tome da svi mi mo\u017eemo biti kraljevi i kraljice u svom \u017eivotu, pod uslovom da verujemo da je to mogu\u0107e i pod uslovom da smo spremni da platimo cenu liderstva.<\/p>\n\n\n\n<p>Na ovom predavanju Dejan \u0107e nas nau\u010diti \u0161ta je to Self Leadership i koji su njegovi klju\u010dni aspekti kao \u0161to su proaktivnost, preuzimanje odgovornosti, pokretanje li\u010dne promene i ostvarivanje li\u010dne vizije.<\/p>\n\n\n\n<p>Prijavite se za ovo predavanje i probudite lidera u sebi.<\/p>\n\n\n\n<p>Dejan \u017divkovi\u0107 koji \u0107e voditi ovo predavanje je HR Trainer i Psiholog sa preko 10 godina aktivnog rada na pozicijama HR menad\u017eera i korporativnog trenera i trening koordinatora. Dr\u017eanjem treninga se tako\u0111e bavi vi\u0161e od deset godina i do sada je odr\u017eao preko 600 treninga. Edukovan je iz transakcione analize, life i business coachinga a u\u017ea specijalnost su mu treninzi iz oblasti emocionalne inteligencije, psihologije prodaje i liderstva.<\/p>\n\n\n\n<p>PETAK 24.12.2021 u 17h &#8211; Psiholo\u0161ka bezbednost \u2013 Tajna vrhunskih timova i samopouzdanih pojedinaca<br>Mia Popi\u0107, Psihoterapeut i direktor Sinergija centra<br>Hajde da pri\u010damo o onome \u0161to je temelj svakog vrhunskog tima i li\u010dnog samopouzdanja. Ono \u0161to razlikuje odli\u010dne od lo\u0161ih i osrednjih timova je upravo psiholo\u0161ka bezbednost. Temelj svakog dobrog tima, onaj koji gradi ose\u0107aj me\u0111usobnog poverenja i pripadnosti.<\/p>\n\n\n\n<p>Koje probleme adresira psiholo\u0161ka bezbednost?<\/p>\n\n\n\n<p>Odgovor je jednostavan \u2014 sve one koji u osnovi imaju strah. Najve\u0107i neprijatelj otvorene komunikacije je upravo strah. On zaga\u0111uje timsku atmosferu. Prisiljava ljude da se pona\u0161aju neautenti\u010dno \u2014 da glume i da se sputavaju.<\/p>\n\n\n\n<p>I kako se razvijati i napredovati u takvoj sredini? Psiholo\u0161ki bezbedna sredina zapravo gradi samopouzdane pojedince.<\/p>\n\n\n\n<p>Mia \u0107e nam svakako o tome vi\u0161e govoriti na svom predavanju. Pri\u010da\u0107emo i o tome koji su na\u010dini gra\u0111enja samopouzdanja na poslu i kako psiholo\u0161ka bezbednost mo\u017ee da nam bude \u201evetar u le\u0111a\u201c dok gradimo do\u017eivljaj radne efikasnosti.<\/p>\n\n\n\n<p>Mia Popi\u0107 koja \u0107e voditi ovo predavanje je psihoterapeutkinja i direktorka Sinergija centra. Zavr\u0161ava doktorske studije koje \u0107e je dodatno ekspertizovati u primeni kognitivnog pona\u0161anja. U svom radu koristi sinergiju znanja vezanih za kou\u010ding psihologiju, psihoterapiju i agilno u\u010denje. Mia tako\u0111e vodi i me\u0111unarodno priznate treninge iz kou\u010dinga gde ljudi imaju priliku da nau\u010de vi\u0161e o samoj psihologiji kou\u010dinga i da je potom primene u svojoj praksi. Trenutno se fokusira i na predstavljanje va\u017enosti Psiholo\u0161ke bezbednosti za sve timove \u2014 \u010dak i za one koji je ve\u0107 imaju, da je osveste i da je dalje mogu strukturisano prenositi. Za one koji je nemaju, da je razviju. Zato \u0107e nam njeno predavanje pomo\u0107i da istra\u017eimo na\u010dine kako da unapredimo svoju radnu sredinu i svoje samopouzdanje.<\/p>\n\n\n\n<p>REZERVISI SVOJE MESTO <strong><a href=\"https:\/\/bluegrid.io\/self-care-week\/\" target=\"_blank\" rel=\"noreferrer noopener\">OVDE<\/a><\/strong><\/p>\n\n\n\n<p>Preuzeto sa: <a href=\"https:\/\/bluegrid.io\/self-care-week\/\" target=\"_blank\" rel=\"noreferrer noopener\">bluegrid.io<\/a><\/p>\n","protected":false},"excerpt":{"rendered":"<p>Sigurno \u0107ete se slo\u017eiti da ispra\u0107amo jo\u0161 jednu godinu u kojoj smo puno radili na prilago\u0111avanju, strpljenju i li\u010dnoj spoznaji.<\/p>\n","protected":false},"author":1,"featured_media":15802,"comment_status":"closed","ping_status":"open","sticky":false,"template":"","format":"standard","meta":{"om_disable_all_campaigns":false,"_monsterinsights_skip_tracking":false,"_monsterinsights_sitenote_active":false,"_monsterinsights_sitenote_note":"","_monsterinsights_sitenote_category":0,"footnotes":""},"categories":[6],"tags":[2377,7422,7421],"class_list":["post-15813","post","type-post","status-publish","format-standard","has-post-thumbnail","hentry","category-dogadjaji","tag-predavanja","tag-self-improvement","tag-selfcareweek"],"jetpack_featured_media_url":"https:\/\/www.mladibl.com\/wp-content\/uploads\/2021\/12\/SelfCareWeek.jpg","amp_enabled":true,"_links":{"self":[{"href":"https:\/\/www.mladibl.com\/index.php?rest_route=\/wp\/v2\/posts\/15813","targetHints":{"allow":["GET"]}}],"collection":[{"href":"https:\/\/www.mladibl.com\/index.php?rest_route=\/wp\/v2\/posts"}],"about":[{"href":"https:\/\/www.mladibl.com\/index.php?rest_route=\/wp\/v2\/types\/post"}],"author":[{"embeddable":true,"href":"https:\/\/www.mladibl.com\/index.php?rest_route=\/wp\/v2\/users\/1"}],"replies":[{"embeddable":true,"href":"https:\/\/www.mladibl.com\/index.php?rest_route=%2Fwp%2Fv2%2Fcomments&post=15813"}],"version-history":[{"count":1,"href":"https:\/\/www.mladibl.com\/index.php?rest_route=\/wp\/v2\/posts\/15813\/revisions"}],"predecessor-version":[{"id":15814,"href":"https:\/\/www.mladibl.com\/index.php?rest_route=\/wp\/v2\/posts\/15813\/revisions\/15814"}],"wp:featuredmedia":[{"embeddable":true,"href":"https:\/\/www.mladibl.com\/index.php?rest_route=\/wp\/v2\/media\/15802"}],"wp:attachment":[{"href":"https:\/\/www.mladibl.com\/index.php?rest_route=%2Fwp%2Fv2%2Fmedia&parent=15813"}],"wp:term":[{"taxonomy":"category","embeddable":true,"href":"https:\/\/www.mladibl.com\/index.php?rest_route=%2Fwp%2Fv2%2Fcategories&post=15813"},{"taxonomy":"post_tag","embeddable":true,"href":"https:\/\/www.mladibl.com\/index.php?rest_route=%2Fwp%2Fv2%2Ftags&post=15813"}],"curies":[{"name":"wp","href":"https:\/\/api.w.org\/{rel}","templated":true}]}}