{"id":15807,"date":"2021-12-20T00:35:05","date_gmt":"2021-12-19T22:35:05","guid":{"rendered":"https:\/\/www.mladibl.com\/?p=15807"},"modified":"2021-12-20T00:35:06","modified_gmt":"2021-12-19T22:35:06","slug":"trening-ukljucivanje-korisnika-ca-u-proces-monitoringa-i-evaluacije-rada-organizacije","status":"publish","type":"post","link":"https:\/\/www.mladibl.com\/?p=15807","title":{"rendered":"Trening \u201cUklju\u010divanje korisnika\/ca u proces monitoringa i evaluacije rada organizacije\u201d"},"content":{"rendered":"\n<p>U okviru projekta Misli o prirodi!, kojeg implementira Centar za promociju civilnog dru\u0161tva, a finansijski podr\u017eava \u0160vedska, vas pozivamo na dvodnevni trening Uklju\u010divanje korisnika\/ca u proces monitoringa i evaluacije rada organizacije u Banjoj Luci periodu od 27.12. do 28.12.<\/p>\n\n\n\n<p>Pozivamo sve organizacije civilnog dru\u0161tva, individue i zainteresovane aktere za oblast za\u0161tite okoli\u0161a da se prijave za u\u010de\u0161\u0107e na treningu.<\/p>\n\n\n\n<p>Svi zainteresovani su du\u017eni potvrditi svoje u\u010de\u0161\u0107e na treningu, na na\u010din da popune prijavu sa sljede\u0107eg linka:<\/p>\n\n\n\n<p><strong><a href=\"https:\/\/bit.ly\/MoP_Prijavniobrazac\" target=\"_blank\" rel=\"noreferrer noopener\">https:\/\/bit.ly\/MoP_Prijavniobrazac<\/a><\/strong><\/p>\n\n\n\n<p>Rok za dostavljanje prijava je utorak, 21.12.2021. godine.<\/p>\n\n\n\n<p>Broj u\u010desnika\/ica treninga je ograni\u010den.<\/p>\n\n\n\n<p>Projektno osoblje \u0107e kreirati komisiju za odabir u\u010desnika i u\u010desnica treninga na na\u010din da \u0107e prioritet imati osobe sa najbolje opisanom motivacijom za u\u010de\u0161\u0107e na treningu, a dodatni kriteriji su rodna zastupljenost u\u010desnika\/ca te regionalna zastupljenost. Potvrdu u\u010de\u0161\u0107a \u0107e polaznici dobiti najkasnije 22.12. do 13:00 sati.<\/p>\n\n\n\n<p>Trening \u0107e se odr\u017eati u Banjoj Luci, a o ta\u010dnoj lokaciji i detaljnoj agendi \u0107e u\u010desnici\/e biti naknadno informisani.<\/p>\n\n\n\n<p>Svi u\u010desnici\/ice treninga \u0107e biti smje\u0161teni u jednokrevetnim sobama. Tro\u0161kove smje\u0161taja, ru\u010dka i osvje\u017eenja, te tro\u0161kova putovanja (ako u\u010desnici dolaze iz mjesta koje je udaljeno 20 km i vi\u0161e) \u0107e snositi organizator treninga, Centar za promociju civilnog dru\u0161tva, kao implementator projekta.<\/p>\n\n\n\n<p>U\u010desnici koji dolaze iz gradova koji su na velikoj razdaljini od lokacije treninga mogu do\u0107i dan prije ukoliko \u017eele, te je neophodno da to navedu u svojoj prijavi.<\/p>\n\n\n\n<p>Tokom realizacije treninga po\u0161tovati \u0107emo sve preventivne mjere koje se odnose na COVID-19, a koje se ti\u010du me\u0111usobnog rastojanja izme\u0111u u\u010desnika i u\u010desnica treninga, obavezno no\u0161enje za\u0161titne maske, te dezinfekcije svih radnih povr\u0161ina.<\/p>\n\n\n\n<p>Preuzeto sa: <a href=\"https:\/\/mislioprirodi.ba\/proces-monitoringa-i-evaluacije-rada-organizacije\" target=\"_blank\" rel=\"noreferrer noopener\">mislioprirodi.ba<\/a><\/p>\n","protected":false},"excerpt":{"rendered":"<p>U okviru projekta Misli o prirodi!, kojeg implementira Centar za promociju civilnog dru\u0161tva, a finansijski podr\u017eava \u0160vedska, vas pozivamo na<\/p>\n","protected":false},"author":1,"featured_media":15804,"comment_status":"closed","ping_status":"open","sticky":false,"template":"","format":"standard","meta":{"om_disable_all_campaigns":false,"_monsterinsights_skip_tracking":false,"_monsterinsights_sitenote_active":false,"_monsterinsights_sitenote_note":"","_monsterinsights_sitenote_category":0,"footnotes":""},"categories":[6],"tags":[1145,1956,1144,354,5695,220,4134],"class_list":["post-15807","post","type-post","status-publish","format-standard","has-post-thumbnail","hentry","category-dogadjaji","tag-evaluacija","tag-korisnici","tag-monitoring","tag-organizacije","tag-proces","tag-trening","tag-ukljucivanje"],"jetpack_featured_media_url":"https:\/\/www.mladibl.com\/wp-content\/uploads\/2021\/12\/Trening-Ukljucivanje-korisnika-ca-u-proces-monitoringa-i-evaluacije-rada-organizacije.jpg","amp_enabled":true,"_links":{"self":[{"href":"https:\/\/www.mladibl.com\/index.php?rest_route=\/wp\/v2\/posts\/15807","targetHints":{"allow":["GET"]}}],"collection":[{"href":"https:\/\/www.mladibl.com\/index.php?rest_route=\/wp\/v2\/posts"}],"about":[{"href":"https:\/\/www.mladibl.com\/index.php?rest_route=\/wp\/v2\/types\/post"}],"author":[{"embeddable":true,"href":"https:\/\/www.mladibl.com\/index.php?rest_route=\/wp\/v2\/users\/1"}],"replies":[{"embeddable":true,"href":"https:\/\/www.mladibl.com\/index.php?rest_route=%2Fwp%2Fv2%2Fcomments&post=15807"}],"version-history":[{"count":1,"href":"https:\/\/www.mladibl.com\/index.php?rest_route=\/wp\/v2\/posts\/15807\/revisions"}],"predecessor-version":[{"id":15808,"href":"https:\/\/www.mladibl.com\/index.php?rest_route=\/wp\/v2\/posts\/15807\/revisions\/15808"}],"wp:featuredmedia":[{"embeddable":true,"href":"https:\/\/www.mladibl.com\/index.php?rest_route=\/wp\/v2\/media\/15804"}],"wp:attachment":[{"href":"https:\/\/www.mladibl.com\/index.php?rest_route=%2Fwp%2Fv2%2Fmedia&parent=15807"}],"wp:term":[{"taxonomy":"category","embeddable":true,"href":"https:\/\/www.mladibl.com\/index.php?rest_route=%2Fwp%2Fv2%2Fcategories&post=15807"},{"taxonomy":"post_tag","embeddable":true,"href":"https:\/\/www.mladibl.com\/index.php?rest_route=%2Fwp%2Fv2%2Ftags&post=15807"}],"curies":[{"name":"wp","href":"https:\/\/api.w.org\/{rel}","templated":true}]}}