{"id":1574,"date":"2020-05-28T11:18:57","date_gmt":"2020-05-28T09:18:57","guid":{"rendered":"http:\/\/www.mladibl.com\/?p=1574"},"modified":"2020-05-28T11:18:59","modified_gmt":"2020-05-28T09:18:59","slug":"duro-blanusa-radimo-na-prepoznavanju-kvaliteta-i-entuzijazma-koji-mladi-imaju","status":"publish","type":"post","link":"https:\/\/www.mladibl.com\/?p=1574","title":{"rendered":"\u0110uro Blanu\u0161a: Radimo na prepoznavanju kvaliteta i entuzijazma koji mladi imaju!"},"content":{"rendered":"\n<p>Gost posljednjeg online doga\u0111aja &#8220;Kafa sa\u2026&#8221; bio je generalni sekretar Regionalne kancelarije za saradnju mladih Zapadnog Balkana, \u0110uro Blanu\u0161a!<\/p>\n\n\n\n<p>Ovim doga\u0111ajem zaokru\u017eili smo niz online razgovora u kojima smo imali priliku da razgovaramo sa stranim ambasadorima u BiH, a za sami kraj odlu\u010dili smo se za gosta koji najbolje mo\u017ee da ogovori na pitanja o prilikama za mlade kojima su namijenjeni na\u0161i programi!<\/p>\n\n\n\n<p>Regionalna kancelarija za saradnju mladih Zapadnog Balkana me\u0111unarodna je i me\u0111uvladina organizacija koja slu\u017ei kao mehanizam podr\u0161ke saradnji mladih u regiji Zapadnog Balkana. Kao takva, svoj osnovni cilj vidi u uklju\u010divanju \u0161to ve\u0107eg broja mladih ljudi u projekte i programe mobilnosti \u010dime se nastoji raditi na izgradnji odr\u017eivog i dugoro\u010dnog mira na ovim prostorima.<\/p>\n\n\n\n<p>Kao pri\u010da koja svoj uzor ima u francusko \u2013 njema\u010dkom partnerstvu, u samom po\u010detku do\u017eivjela je veliku podr\u0161ku politi\u010dkih aktera Zapadnog Balkana, a kako na\u0161 gost ka\u017ee na tom ,,pozitivnom talasu\u201d se i dalje radi na dobrim programima i inicijativama.<\/p>\n\n\n\n<p>\u201cOstali smo otvoreni i osigurali smo politi\u010dku podr\u0161ku! Insistiramo da saradnja opstane, ali u okolnostima u kakvim se nalazimo sve vi\u0161e razmi\u0161ljamo i o alternativnim na\u010dinima za mobilnost uklju\u010duju\u0107i virtuelnu mobilnost kao trend koji se pojavio sa dolaskom kroze izazvane virusom Korona\u201d, ka\u017ee na\u0161 sagovornik.<\/p>\n\n\n\n<p>Generalni sekretar RYCO (RAJKO \u2013 kako se ova organizacija kolokvijalno naziva) isti\u010de da je osnovni zadatak kancelarije finansiranje kvalitetnih projekata iz oblasti saradnje mladih Zapadnog Balkana, ali da \u0107e se u budu\u0107e raditi vi\u0161e po pitanju kapaciteta organizacija koje treba da nose projekte i programe.<\/p>\n\n\n\n<p>Nakon nekoliko krugova poziva za projekte, kako za NVO tako i za srednje \u0161kole, u planu je bio i naredni koji je za sada otkazan s obzirom na promjenu planova usljed krize u kojoj smo se zatekli. Ipak, ovo ne zna\u010di da poziva ove godine ne\u0107e biti.<\/p>\n\n\n\n<blockquote class=\"wp-block-quote is-layout-flow wp-block-quote-is-layout-flow\"><p>Bogatstvo je u velikom broju sjajnih mladih i talentovanih ljudi. Na\u0161i treneri i omladinski radnici priznati su i prepoznati na evropskom nivou! &#8211; \u0110uro Blanu\u0161a<\/p><\/blockquote>\n\n\n\n<p>Kao najve\u0107i izazov u radu i rukovo\u0111enju ovom kancelarijom, na\u0161 gost isti\u010de balansiranje izme\u0111u omladinskog rada, politike i diplomatije jer je RYCO objedinio sve to.<\/p>\n\n\n\n<p>\u201cMi za sebe mislimo da smo neko ko radi na podr\u0161ci prije nego na konkretnom kreiranju politika. Na\u0161a su\u0161tinska misija je prepoznavanje kvaliteta i entuzijazma koju vi imate\u201d, nagla\u0161ava na\u0161 gost.<\/p>\n\n\n\n<p>Na samom kraju ne \u017eeli da govori o stvarima na koje je najponosniji u dosada\u0161njem radu jer cijeni da o tome treba drugi da sude. Za sve mlade, omladinske radnike ali i nevladine organizacije ima poruku za kraj:<\/p>\n\n\n\n<blockquote class=\"wp-block-quote is-layout-flow wp-block-quote-is-layout-flow\"><p>Ovo jeste predivan region, sa mnogo kvaliteta i pozivam vas da vjerujete u sebe i zajedni\u010dki potencijal! &#8211; \u0110uro Blanu\u0161a<\/p><\/blockquote>\n\n\n\n<p>Preuzeto sa: <a href=\"http:\/\/www.cerebra-ngo.com\/?p=851\" target=\"_blank\" rel=\"noreferrer noopener\" aria-label=\"CEREBRA NGO (opens in a new tab)\">CEREBRA NGO<\/a><\/p>\n","protected":false},"excerpt":{"rendered":"<p>Gost posljednjeg online doga\u0111aja &#8220;Kafa sa\u2026&#8221; bio je generalni sekretar Regionalne kancelarije za saradnju mladih Zapadnog Balkana, \u0110uro Blanu\u0161a! Ovim<\/p>\n","protected":false},"author":1,"featured_media":1575,"comment_status":"closed","ping_status":"open","sticky":false,"template":"","format":"standard","meta":{"om_disable_all_campaigns":false,"_monsterinsights_skip_tracking":false,"_monsterinsights_sitenote_active":false,"_monsterinsights_sitenote_note":"","_monsterinsights_sitenote_category":0,"footnotes":""},"categories":[449],"tags":[22,684,457,124],"class_list":["post-1574","post","type-post","status-publish","format-standard","has-post-thumbnail","hentry","category-organizacije","tag-cerebra","tag-duro-blanusa","tag-kafa-sa","tag-ryco"],"jetpack_featured_media_url":"https:\/\/www.mladibl.com\/wp-content\/uploads\/2020\/05\/kafa-sa...-djuro-blanusa-01.jpg","amp_enabled":true,"_links":{"self":[{"href":"https:\/\/www.mladibl.com\/index.php?rest_route=\/wp\/v2\/posts\/1574","targetHints":{"allow":["GET"]}}],"collection":[{"href":"https:\/\/www.mladibl.com\/index.php?rest_route=\/wp\/v2\/posts"}],"about":[{"href":"https:\/\/www.mladibl.com\/index.php?rest_route=\/wp\/v2\/types\/post"}],"author":[{"embeddable":true,"href":"https:\/\/www.mladibl.com\/index.php?rest_route=\/wp\/v2\/users\/1"}],"replies":[{"embeddable":true,"href":"https:\/\/www.mladibl.com\/index.php?rest_route=%2Fwp%2Fv2%2Fcomments&post=1574"}],"version-history":[{"count":1,"href":"https:\/\/www.mladibl.com\/index.php?rest_route=\/wp\/v2\/posts\/1574\/revisions"}],"predecessor-version":[{"id":1576,"href":"https:\/\/www.mladibl.com\/index.php?rest_route=\/wp\/v2\/posts\/1574\/revisions\/1576"}],"wp:featuredmedia":[{"embeddable":true,"href":"https:\/\/www.mladibl.com\/index.php?rest_route=\/wp\/v2\/media\/1575"}],"wp:attachment":[{"href":"https:\/\/www.mladibl.com\/index.php?rest_route=%2Fwp%2Fv2%2Fmedia&parent=1574"}],"wp:term":[{"taxonomy":"category","embeddable":true,"href":"https:\/\/www.mladibl.com\/index.php?rest_route=%2Fwp%2Fv2%2Fcategories&post=1574"},{"taxonomy":"post_tag","embeddable":true,"href":"https:\/\/www.mladibl.com\/index.php?rest_route=%2Fwp%2Fv2%2Ftags&post=1574"}],"curies":[{"name":"wp","href":"https:\/\/api.w.org\/{rel}","templated":true}]}}