{"id":15610,"date":"2021-12-14T11:22:01","date_gmt":"2021-12-14T09:22:01","guid":{"rendered":"https:\/\/www.mladibl.com\/?p=15610"},"modified":"2021-12-14T11:22:03","modified_gmt":"2021-12-14T09:22:03","slug":"radionica-medijske-pismenosti-2","status":"publish","type":"post","link":"https:\/\/www.mladibl.com\/?p=15610","title":{"rendered":"Radionica medijske pismenosti"},"content":{"rendered":"\n<p>Datum: 17.12.<br>Vrijeme: 15:00 -18:00<br>Lokacija: Omladinski centar Zdravo da ste<\/p>\n\n\n\n<p>PRIJAVE SU OBAVEZNE!<\/p>\n\n\n\n<p>Mediacentar Sarajevo i Agencija Boram uz finansijsku pomo\u0107 Evropske unije implementiraju projekat \u201cJa\u010danje medijske pismenosti mladih u BiH\u201d<\/p>\n\n\n\n<p>Cilj projekta je razvijanje svijesti i znanja o medijskoj pismenosti, kao i o obimu, razmjerama i prirodi fenomena dezinformacija kod srednjo\u0161kolske djece i njihovih profesora; donosilaca politika, civilnog dru\u0161tva, predstavnika medijske profesije, i \u0161ire javnosti.<\/p>\n\n\n\n<p>Radionica koja se odr\u017eava u Banjaluci je samo jedna od 10 u cijeloj BiH.<\/p>\n\n\n\n<p>Pored stru\u010dnjaka iz oblasti medijske i informacijske pismenosti, na radionicama \u0107e prisustvovati i nekoliko poznatih li\u010dnosti sa dru\u0161tvenih medija (popularnih na Instagramu ili FB), koji \u0107e podijeliti svoja iskustva o tome kako su la\u017ene vijest i dezinformacije eventualno uticale na njihove \u017eivote i kako su se oni nosili s tim.<\/p>\n\n\n\n<p>\u0160TA SE OD MENE O\u010cEKUJE?<\/p>\n\n\n\n<p>Nakon radionice, a na osnovu svega onoga \u0161to su \u010duli na radionici, od mladih se o\u010dekuje da pripreme zajedni\u010dku prezentaciju o prepoznavanju, provjeri, pra\u0107enju, verifikaciji i dekonstrukciji konkretnih slu\u010dajeva informacija.<\/p>\n\n\n\n<p>Specijalisti i stru\u010dnjaci za medijsku pismenost \u0107e bodovati svaku prezentaciju i nakon \u0161to se odr\u017ee sve radionice, bi\u0107e odabrane i nagra\u0111ene najbolje tri od 10 prezentacija.<\/p>\n\n\n\n<p>Vidimo se!<\/p>\n\n\n\n<figure class=\"wp-block-image size-full\"><img loading=\"lazy\" decoding=\"async\" width=\"800\" height=\"800\" src=\"http:\/\/www.mladibl.com\/wp-content\/uploads\/2021\/12\/Radionica-Medijske-pismenosti.jpg\" alt=\"\" class=\"wp-image-15607\" srcset=\"https:\/\/www.mladibl.com\/wp-content\/uploads\/2021\/12\/Radionica-Medijske-pismenosti.jpg 800w, https:\/\/www.mladibl.com\/wp-content\/uploads\/2021\/12\/Radionica-Medijske-pismenosti-300x300.jpg 300w, https:\/\/www.mladibl.com\/wp-content\/uploads\/2021\/12\/Radionica-Medijske-pismenosti-150x150.jpg 150w, https:\/\/www.mladibl.com\/wp-content\/uploads\/2021\/12\/Radionica-Medijske-pismenosti-768x768.jpg 768w\" sizes=\"auto, (max-width: 800px) 100vw, 800px\" \/><\/figure>\n\n\n\n<p>Preuzeto sa: <a href=\"https:\/\/www.instagram.com\/p\/CXba8KmLEA4\/?utm_medium=share_sheet\" target=\"_blank\" rel=\"noreferrer noopener\">Instagram @zdravodaste<\/a><\/p>\n","protected":false},"excerpt":{"rendered":"<p>Datum: 17.12.Vrijeme: 15:00 -18:00Lokacija: Omladinski centar Zdravo da ste PRIJAVE SU OBAVEZNE! Mediacentar Sarajevo i Agencija Boram uz finansijsku pomo\u0107<\/p>\n","protected":false},"author":1,"featured_media":15607,"comment_status":"closed","ping_status":"open","sticky":false,"template":"","format":"standard","meta":{"om_disable_all_campaigns":false,"_monsterinsights_skip_tracking":false,"_monsterinsights_sitenote_active":false,"_monsterinsights_sitenote_note":"","_monsterinsights_sitenote_category":0,"footnotes":""},"categories":[6],"tags":[53,1489,23,69],"class_list":["post-15610","post","type-post","status-publish","format-standard","has-post-thumbnail","hentry","category-dogadjaji","tag-banja-luka","tag-medijska-pismenost","tag-radionica","tag-zdravo-da-ste"],"jetpack_featured_media_url":"https:\/\/www.mladibl.com\/wp-content\/uploads\/2021\/12\/Radionica-Medijske-pismenosti.jpg","amp_enabled":true,"_links":{"self":[{"href":"https:\/\/www.mladibl.com\/index.php?rest_route=\/wp\/v2\/posts\/15610","targetHints":{"allow":["GET"]}}],"collection":[{"href":"https:\/\/www.mladibl.com\/index.php?rest_route=\/wp\/v2\/posts"}],"about":[{"href":"https:\/\/www.mladibl.com\/index.php?rest_route=\/wp\/v2\/types\/post"}],"author":[{"embeddable":true,"href":"https:\/\/www.mladibl.com\/index.php?rest_route=\/wp\/v2\/users\/1"}],"replies":[{"embeddable":true,"href":"https:\/\/www.mladibl.com\/index.php?rest_route=%2Fwp%2Fv2%2Fcomments&post=15610"}],"version-history":[{"count":1,"href":"https:\/\/www.mladibl.com\/index.php?rest_route=\/wp\/v2\/posts\/15610\/revisions"}],"predecessor-version":[{"id":15611,"href":"https:\/\/www.mladibl.com\/index.php?rest_route=\/wp\/v2\/posts\/15610\/revisions\/15611"}],"wp:featuredmedia":[{"embeddable":true,"href":"https:\/\/www.mladibl.com\/index.php?rest_route=\/wp\/v2\/media\/15607"}],"wp:attachment":[{"href":"https:\/\/www.mladibl.com\/index.php?rest_route=%2Fwp%2Fv2%2Fmedia&parent=15610"}],"wp:term":[{"taxonomy":"category","embeddable":true,"href":"https:\/\/www.mladibl.com\/index.php?rest_route=%2Fwp%2Fv2%2Fcategories&post=15610"},{"taxonomy":"post_tag","embeddable":true,"href":"https:\/\/www.mladibl.com\/index.php?rest_route=%2Fwp%2Fv2%2Ftags&post=15610"}],"curies":[{"name":"wp","href":"https:\/\/api.w.org\/{rel}","templated":true}]}}