{"id":15547,"date":"2021-12-13T01:01:15","date_gmt":"2021-12-12T23:01:15","guid":{"rendered":"https:\/\/www.mladibl.com\/?p=15547"},"modified":"2021-12-13T01:01:18","modified_gmt":"2021-12-12T23:01:18","slug":"plan-vakcinacije-za-period-od-13-do-18-decembra","status":"publish","type":"post","link":"https:\/\/www.mladibl.com\/?p=15547","title":{"rendered":"Plan vakcinacije za period od 13. do 18. decembra"},"content":{"rendered":"\n<p>JZU \u201cDom Zdravlja\u201d u Banjoj Luci organizuje \u201cOtvorena vrata\u201d na punktu za vakcinaciju u objektu Mjesne zajednice u naselju Petri\u0107evac.<\/p>\n\n\n\n<p>Termini za vakcinaciju prvom dozom vakcine su sljede\u0107i:<\/p>\n\n\n\n<ul class=\"wp-block-list\"><li>13. decembar \u2013 \u201cOtvorena vrata\u201d za prvu dozu Fajzer vakcine u periodu od 09:00 do 16:00 \u010dasova;<\/li><li>14. decembar \u2013 \u201cOtvorena vrata\u201d za prvu dozu Sputnjik V vakcine u periodu od 09:30 do 16:00 \u010dasova;<\/li><li>15. decembar \u2013 \u201cOtvorena vrata\u201d za prvu dozu Fajzer vakcine u periodu od 09:00 do 16:00 \u010dasova;<\/li><li>16. decembar \u2013 \u201cOtvorena vrata\u201d za prvu dozu Moderna vakcine u periodu od 11:00 do 16:00 \u010dasova.<\/li><\/ul>\n\n\n\n<p>Kako su naveli, 17. i 18. decembra vr\u0161i\u0107e se revakcinacija gra\u0111ana na punktu za vakcinaciju u objektu Mjesne zajednice Petri\u0107evac, a sugra\u0111ani \u0107e telefonskim putem biti obavije\u0161teni o terminu revakcinacije.<\/p>\n\n\n\n<p>-S obzirom na to da su na\u0161i sugra\u0111ani u proteklom periodu pokazali veliko interesovanje za vakcinaciju prvom dozom vakcine Fajzer, istu zainteresovanost o\u010dekujemo i prilikom \u201cOtvorenih vrata\u201d 13. i 15. decembra. Stoga na\u0161e sugra\u0111ane molimo za strpljenje i zahvaljujemo im se na razumijevanju \u2013 naveli su u saop\u0161tenju.<\/p>\n\n\n\n<p>Raspored rada punktova za vakcinaciju u ambulantama porodi\u010dne medicine za period&nbsp; od 13. do 17. decembra:<\/p>\n\n\n\n<p>\u2013 13. decembar \u2013Drago\u010daj, Potkozarje, Veri\u0107i, Piskavica, Lau\u0161 i \u0160argovac;<\/p>\n\n\n\n<p>\u2013 14. decembar \u2013Vrbanja, Zalu\u017eani, Mi\u0161in Han i Lazarevo;<\/p>\n\n\n\n<p>\u2013 15. decembar \u2013Srpske Toplice, Karanovac, Krupa na Vrbasu, Bo\u010dac i Obili\u0107evo;<\/p>\n\n\n\n<p>\u2013 16. decembar \u2013Kola, Agino Selo, Poliklinika i Gole\u0161i;<\/p>\n\n\n\n<p>\u2013 17. decembar \u2013Borkovi\u0107i, Bronzani Majdan, Stri\u010di\u0107i, Borik (Platonova ulica).<\/p>\n\n\n\n<p>Ovim putem, sugra\u0111ane su zamolili da po\u0161tuju epidemiolo\u0161ke mjere kako bi se izbjegle eventualne gu\u017eve i bespotrebno zadr\u017eavanje na punktu za vakcinaciju u objektu MZ Petri\u0107evac, a sve u cilju \u0161to br\u017eeg i efikasnijeg provo\u0111enja procesa vakcinacije.<\/p>\n\n\n\n<p>Preuzeto sa: <a href=\"https:\/\/www.banjaluka.rs.ba\/plan-vakcinacije-za-period-13-18-decembar\/\" target=\"_blank\" rel=\"noreferrer noopener\">Grad Banja Luka<\/a><\/p>\n","protected":false},"excerpt":{"rendered":"<p>JZU \u201cDom Zdravlja\u201d u Banjoj Luci organizuje \u201cOtvorena vrata\u201d na punktu za vakcinaciju u objektu Mjesne zajednice u naselju Petri\u0107evac.<\/p>\n","protected":false},"author":4,"featured_media":15545,"comment_status":"closed","ping_status":"open","sticky":false,"template":"","format":"standard","meta":{"om_disable_all_campaigns":false,"_monsterinsights_skip_tracking":false,"_monsterinsights_sitenote_active":false,"_monsterinsights_sitenote_note":"","_monsterinsights_sitenote_category":0,"footnotes":""},"categories":[2],"tags":[7213,6510,7173],"class_list":["post-15547","post","type-post","status-publish","format-standard","has-post-thumbnail","hentry","category-vijesti","tag-decembar","tag-petricevac","tag-plan-vakcinacije"],"jetpack_featured_media_url":"https:\/\/www.mladibl.com\/wp-content\/uploads\/2021\/12\/Plan-vakcinacije-za-period-od-13.-do-18.-decembra.jpg","amp_enabled":true,"_links":{"self":[{"href":"https:\/\/www.mladibl.com\/index.php?rest_route=\/wp\/v2\/posts\/15547","targetHints":{"allow":["GET"]}}],"collection":[{"href":"https:\/\/www.mladibl.com\/index.php?rest_route=\/wp\/v2\/posts"}],"about":[{"href":"https:\/\/www.mladibl.com\/index.php?rest_route=\/wp\/v2\/types\/post"}],"author":[{"embeddable":true,"href":"https:\/\/www.mladibl.com\/index.php?rest_route=\/wp\/v2\/users\/4"}],"replies":[{"embeddable":true,"href":"https:\/\/www.mladibl.com\/index.php?rest_route=%2Fwp%2Fv2%2Fcomments&post=15547"}],"version-history":[{"count":1,"href":"https:\/\/www.mladibl.com\/index.php?rest_route=\/wp\/v2\/posts\/15547\/revisions"}],"predecessor-version":[{"id":15548,"href":"https:\/\/www.mladibl.com\/index.php?rest_route=\/wp\/v2\/posts\/15547\/revisions\/15548"}],"wp:featuredmedia":[{"embeddable":true,"href":"https:\/\/www.mladibl.com\/index.php?rest_route=\/wp\/v2\/media\/15545"}],"wp:attachment":[{"href":"https:\/\/www.mladibl.com\/index.php?rest_route=%2Fwp%2Fv2%2Fmedia&parent=15547"}],"wp:term":[{"taxonomy":"category","embeddable":true,"href":"https:\/\/www.mladibl.com\/index.php?rest_route=%2Fwp%2Fv2%2Fcategories&post=15547"},{"taxonomy":"post_tag","embeddable":true,"href":"https:\/\/www.mladibl.com\/index.php?rest_route=%2Fwp%2Fv2%2Ftags&post=15547"}],"curies":[{"name":"wp","href":"https:\/\/api.w.org\/{rel}","templated":true}]}}