{"id":15514,"date":"2021-12-10T01:04:00","date_gmt":"2021-12-09T23:04:00","guid":{"rendered":"https:\/\/www.mladibl.com\/?p=15514"},"modified":"2021-12-09T23:44:07","modified_gmt":"2021-12-09T21:44:07","slug":"poziv-na-webinar-eu-fondovi-za-mala-i-srednja-preduzeca-msp","status":"publish","type":"post","link":"https:\/\/www.mladibl.com\/?p=15514","title":{"rendered":"Poziv na webinar \u201eEU fondovi za mala i srednja preduze\u0107a (MSP)\u201c"},"content":{"rendered":"\n<p>Vanjskotrgovinska\/Spoljnotrgovinska komora Bosne i Hercegovine (V\/STK BiH) u partnerstvu sa INTERA Tehnolo\u0161kim parkom i firmom iNAF doo implementira projekat pod nazivom \u201eEXPO-CERTinno \u2013 Podr\u0161ka bh kompanijama u internacionalizaciji, certificiranju i inovacijama\u201d.<\/p>\n\n\n\n<p>Projekat \u201eEXPO-CERTinno\u201d sufinansiraju Evropska unija i Savezna Republika Njema\u010dka putem EU4Business projekta koji zajedni\u010dki provode GIZ, UNDP i ILO, a u okviru Strategija lokalnog razvoja \u2013 Programa za lokalnu samoupravu i ekonomski razvoj u Bosni i Hercegovini Saveznog ministarstva za ekonomsku saradnju i razvoj Republike Njema\u010dke (BMZ). Cilj projekta \u201eEXPO-CERTinno\u201d je pove\u0107anje konkurentnosti bosanskohercegova\u010dkih kompanija iz sektora metaloprerade i drvoprerade putem savjetodavne i tehni\u010dke pomo\u0107i. Jedna od projektnih aktivnosti se odnose na edukaciji bh. kompanija o dostupnim EU programima za inovacije i istra\u017eivanje.<\/p>\n\n\n\n<p>Stoga vas pozivamo na webinar na temu \u201eEU fondovi za mala i srednja preduze\u0107a (MSP)\u201c koji \u0107e biti odr\u017ean 15.12.2021. godine sa po\u010detkom u 10:00 sati. Webinar \u0107e se odr\u017eati preko Zoom aplikacije\/platforme.<\/p>\n\n\n\n<p>Webinar ima za cilj da predstavi nove EU programe za period 2021 \u2013 2027, prvenstveno grantove (bespovratna sredstva) u okviru IPA3, Horizon Europe i ostalih EU programa, a sa fokusom na prilike za finasiranje privrede i malih i srednjih preduze\u0107a (MSP) u BiH. U\u010desnici \u0107e imati priliku da dobiju analizu prilika za finansiranje koje su im na raspolaganju u narednom periodu. Webinar \u0107e omogu\u0107iti u\u010desnicima da izaberu odgovaraju\u0107i izvor finansiranja i da razumiju \u0161ta im je neophodno da bi do\u0161li do EU sredstava.<\/p>\n\n\n\n<p>U\u010de\u0161\u0107e na webinaru je besplatno za u\u010desnike koji izvr\u0161e prijavu u\u010de\u0161\u0107a popunjavanjem <strong><a href=\"https:\/\/docs.google.com\/forms\/d\/e\/1FAIpQLSebqnv4J3ERrQ0GqjIW1m_YU5G_rmc0STJIzaZ2PYT8ZIysPg\/viewform\" target=\"_blank\" rel=\"noreferrer noopener\">online prijavnog obrasca<\/a><\/strong>.<\/p>\n\n\n\n<p>Krajnji rok za dostavljanje prijava je utorak, 14.12.2021. godine do 12:00 sati.<\/p>\n\n\n\n<p>Sve dodatne informacije u vezi sa webinarom mo\u017eete dobiti pozivom na brojeve telefona 033\/566-204 i 033\/566-200 ili upitom na e-mail adresu edukacija@komorabih.ba.<\/p>\n\n\n\n<p>Prilog:<\/p>\n\n\n\n<ul class=\"wp-block-list\"><li><strong><a href=\"https:\/\/www.komorabih.ba\/wp-content\/uploads\/2021\/12\/POZIVNO-PISMO.pdf\" target=\"_blank\" rel=\"noreferrer noopener\">POZIVNO PISMO<\/a><\/strong><\/li><li><strong><a href=\"https:\/\/www.komorabih.ba\/wp-content\/uploads\/2021\/12\/PROGRAM.pdf\" target=\"_blank\" rel=\"noreferrer noopener\">PROGRAM<\/a><\/strong><\/li><\/ul>\n\n\n\n<p>Preuzeto sa: <a href=\"https:\/\/www.komorabih.ba\/poziv-na-webinar-eu-fondovi-za-mala-i-srednja-preduzeca-msp-3\/\" target=\"_blank\" rel=\"noreferrer noopener\">komorabih.ba<\/a><\/p>\n","protected":false},"excerpt":{"rendered":"<p>Vanjskotrgovinska\/Spoljnotrgovinska komora Bosne i Hercegovine (V\/STK BiH) u partnerstvu sa INTERA Tehnolo\u0161kim parkom i firmom iNAF doo implementira projekat pod<\/p>\n","protected":false},"author":1,"featured_media":15515,"comment_status":"closed","ping_status":"open","sticky":false,"template":"","format":"standard","meta":{"om_disable_all_campaigns":false,"_monsterinsights_skip_tracking":false,"_monsterinsights_sitenote_active":false,"_monsterinsights_sitenote_note":"","_monsterinsights_sitenote_category":0,"footnotes":""},"categories":[6],"tags":[3332,840,494],"class_list":["post-15514","post","type-post","status-publish","format-standard","has-post-thumbnail","hentry","category-dogadjaji","tag-eu-fondovi","tag-mala-i-srednja-preduzeca","tag-webinar"],"jetpack_featured_media_url":"https:\/\/www.mladibl.com\/wp-content\/uploads\/2021\/12\/EU-fondovi-za-mala-i-srednja-preduzeca-MSP.jpeg","amp_enabled":true,"_links":{"self":[{"href":"https:\/\/www.mladibl.com\/index.php?rest_route=\/wp\/v2\/posts\/15514","targetHints":{"allow":["GET"]}}],"collection":[{"href":"https:\/\/www.mladibl.com\/index.php?rest_route=\/wp\/v2\/posts"}],"about":[{"href":"https:\/\/www.mladibl.com\/index.php?rest_route=\/wp\/v2\/types\/post"}],"author":[{"embeddable":true,"href":"https:\/\/www.mladibl.com\/index.php?rest_route=\/wp\/v2\/users\/1"}],"replies":[{"embeddable":true,"href":"https:\/\/www.mladibl.com\/index.php?rest_route=%2Fwp%2Fv2%2Fcomments&post=15514"}],"version-history":[{"count":1,"href":"https:\/\/www.mladibl.com\/index.php?rest_route=\/wp\/v2\/posts\/15514\/revisions"}],"predecessor-version":[{"id":15516,"href":"https:\/\/www.mladibl.com\/index.php?rest_route=\/wp\/v2\/posts\/15514\/revisions\/15516"}],"wp:featuredmedia":[{"embeddable":true,"href":"https:\/\/www.mladibl.com\/index.php?rest_route=\/wp\/v2\/media\/15515"}],"wp:attachment":[{"href":"https:\/\/www.mladibl.com\/index.php?rest_route=%2Fwp%2Fv2%2Fmedia&parent=15514"}],"wp:term":[{"taxonomy":"category","embeddable":true,"href":"https:\/\/www.mladibl.com\/index.php?rest_route=%2Fwp%2Fv2%2Fcategories&post=15514"},{"taxonomy":"post_tag","embeddable":true,"href":"https:\/\/www.mladibl.com\/index.php?rest_route=%2Fwp%2Fv2%2Ftags&post=15514"}],"curies":[{"name":"wp","href":"https:\/\/api.w.org\/{rel}","templated":true}]}}