{"id":1528,"date":"2020-05-25T10:10:49","date_gmt":"2020-05-25T08:10:49","guid":{"rendered":"http:\/\/www.mladibl.com\/?p=1528"},"modified":"2020-05-25T10:10:51","modified_gmt":"2020-05-25T08:10:51","slug":"centar-za-digitalnu-transformaciju-sve-sto-vam-je-potrebno-za-eprodaju","status":"publish","type":"post","link":"https:\/\/www.mladibl.com\/?p=1528","title":{"rendered":"Centar za digitalnu transformaciju: Sve \u0161to vam je potrebno za eProdaju"},"content":{"rendered":"\n<p>Inovacioni centar Banja Luka i Privredna komora Republike Srpske \u0107e u periodu od 27. maja organizovati sedam vebinara na temu onlajn trgovine:<\/p>\n\n\n\n<ol class=\"wp-block-list\"><li>Besplatni IT alati za video konferencije i saradnju (Privredna komora Republike Srpske)<\/li><li>Pravni okvir za onlajn \u0161op i e-commerce  (Privredna komora Republike Srpske)<\/li><li>Prednosti veb \u0161opa (Inovacioni centar Banja Luka)<\/li><li>Koje proizvode mo\u017eemo prodavati putem veb \u0161opa? (Inovacioni centar Banja Luka)<\/li><li>Uspostavljanje veb \u0161opa \u2013 razvoj novog veb \u0161opa i kori\u0161tenje postoje\u0107ih platformi (Inovacioni centar Banja Luka)<\/li><li>Odr\u017eavanje veb \u0161opa  (Inovacioni centar Banja Luka)<\/li><li>Opcije pla\u0107anja u okviru veb \u0161opa  (Inovacioni centar Banja Luka)<\/li><\/ol>\n\n\n\n<p>Imena predava\u010da i termine vebinara donosimo uskoro, stoga nas pratite i u\u0111ite u svijet onlajn trgovine sa potrebnim znanjima i vje\u0161tinama.<\/p>\n\n\n\n<p>Vebinari se sprovde u okviru projekta \u201cCentar za digitalnu transformaciju\u201d koji zajedno implementiraju Ministarstvo za nau\u010dnotehnolo\u0161ki razvoj, visoko obrazovanje i informaciono dru\u0161tvo, Ministarstvo privrede i preduzetni\u0161tva, Privredna komora Republike Srpske i Inovacioni centar Banja Luka, uz podr\u0161ku Njema\u010dke razvojne agencije u Bosni i Hercegovini (GIZ).<\/p>\n\n\n\n<p>Preuzeto sa: <a href=\"https:\/\/icbl.ba\/2020\/05\/20\/centar-za-digitalnu-transformaciju-sve-sto-vam-je-potrebno-za-eprodaju\/\" target=\"_blank\" rel=\"noreferrer noopener\" aria-label=\"ICBL (opens in a new tab)\">ICBL<\/a><\/p>\n","protected":false},"excerpt":{"rendered":"<p>Inovacioni centar Banja Luka i Privredna komora Republike Srpske \u0107e u periodu od 27. maja organizovati sedam vebinara na temu<\/p>\n","protected":false},"author":1,"featured_media":1529,"comment_status":"closed","ping_status":"open","sticky":false,"template":"","format":"standard","meta":{"om_disable_all_campaigns":false,"_monsterinsights_skip_tracking":false,"_monsterinsights_sitenote_active":false,"_monsterinsights_sitenote_note":"","_monsterinsights_sitenote_category":0,"footnotes":""},"categories":[4],"tags":[670,25,671,276],"class_list":["post-1528","post","type-post","status-publish","format-standard","has-post-thumbnail","hentry","category-edukacija","tag-digitalna-transformacija","tag-edukacija","tag-eprodaja","tag-icbl"],"jetpack_featured_media_url":"https:\/\/www.mladibl.com\/wp-content\/uploads\/2020\/05\/Centar-za-digitalnu-transformaciju-Sve-\u0161to-vam-je-potrebno-za-eProdaju.jpg","amp_enabled":true,"_links":{"self":[{"href":"https:\/\/www.mladibl.com\/index.php?rest_route=\/wp\/v2\/posts\/1528","targetHints":{"allow":["GET"]}}],"collection":[{"href":"https:\/\/www.mladibl.com\/index.php?rest_route=\/wp\/v2\/posts"}],"about":[{"href":"https:\/\/www.mladibl.com\/index.php?rest_route=\/wp\/v2\/types\/post"}],"author":[{"embeddable":true,"href":"https:\/\/www.mladibl.com\/index.php?rest_route=\/wp\/v2\/users\/1"}],"replies":[{"embeddable":true,"href":"https:\/\/www.mladibl.com\/index.php?rest_route=%2Fwp%2Fv2%2Fcomments&post=1528"}],"version-history":[{"count":1,"href":"https:\/\/www.mladibl.com\/index.php?rest_route=\/wp\/v2\/posts\/1528\/revisions"}],"predecessor-version":[{"id":1530,"href":"https:\/\/www.mladibl.com\/index.php?rest_route=\/wp\/v2\/posts\/1528\/revisions\/1530"}],"wp:featuredmedia":[{"embeddable":true,"href":"https:\/\/www.mladibl.com\/index.php?rest_route=\/wp\/v2\/media\/1529"}],"wp:attachment":[{"href":"https:\/\/www.mladibl.com\/index.php?rest_route=%2Fwp%2Fv2%2Fmedia&parent=1528"}],"wp:term":[{"taxonomy":"category","embeddable":true,"href":"https:\/\/www.mladibl.com\/index.php?rest_route=%2Fwp%2Fv2%2Fcategories&post=1528"},{"taxonomy":"post_tag","embeddable":true,"href":"https:\/\/www.mladibl.com\/index.php?rest_route=%2Fwp%2Fv2%2Ftags&post=1528"}],"curies":[{"name":"wp","href":"https:\/\/api.w.org\/{rel}","templated":true}]}}