{"id":15090,"date":"2021-11-27T10:51:49","date_gmt":"2021-11-27T08:51:49","guid":{"rendered":"https:\/\/www.mladibl.com\/?p=15090"},"modified":"2021-11-27T10:51:50","modified_gmt":"2021-11-27T08:51:50","slug":"poziv-na-on-line-konferenciju-kultura-u-doba-covid-a","status":"publish","type":"post","link":"https:\/\/www.mladibl.com\/?p=15090","title":{"rendered":"Poziv na on-line konferenciju: \u201cKultura u doba COVID-a"},"content":{"rendered":"\n<p>Omladinski resursni centar (ORC) Tuzla \u2013 HoN ALF BiH; Dis teatar Banja Luka, BiH; Gradsko pozori\u0161te mladih (GKM) Vitez, BiH; System and Generation Association Ankara, Turska \u2013 HoN ALF Turska; We Love Sousse, Sousse, Tunis \u2013 HoN ALF Tunisie<\/p>\n\n\n\n<p>U okviru projekta:<\/p>\n\n\n\n<p>Pozori\u0161te u vrijeme krize: mjesto gdje ljudi sanjaju<\/p>\n\n\n\n<p>Kultura u vrijeme pandemije COVID-19<\/p>\n\n\n\n<p>\u201cIskustva, dobre prakse, izazovi, kako dalje\u201d<\/p>\n\n\n\n<p>Pozivamo Vas da u\u010destvujete na on-line konferenciji:<\/p>\n\n\n\n<p>\u201cIzazovi s kojima se suo\u010davaju pozori\u0161ni (i kulturni) umjetnici u eri pandemije\u201d<\/p>\n\n\n\n<p>Na konferenciji \u0107emo imati priliku da otvoreno razgovaramo o izazovima sa kojima se pozori\u0161ni i umjetni\u010dki akteri suo\u010davaju tokom pandemije, predlo\u017eimo kreativna rje\u0161enja i uka\u017eemo na brojne mogu\u0107nosti koje sa sobom nose nove saradnje. Potrudi\u0107emo se da maksimalno iskoristimo ograni\u010deno vrijeme na\u0161ih gledalaca, kako bi ukazali na neke od na\u010dina na koje je mogu\u0107e publici pru\u017eiti nezaboravno iskustvo u\u017eivanja u omiljenim predstavama \/ performansima \/ koncertima kroz nove medije.<\/p>\n\n\n\n<p>Neke od tema o kojima \u0107e se razgovarati su:<\/p>\n\n\n\n<p>Virtuelno pozori\u0161te \u2013 mogu\u0107nosti i ograni\u010denja<\/p>\n\n\n\n<p>Motivacija i zna\u010daj rada tokom izolacije<\/p>\n\n\n\n<p>Propast Pozori\u0161ta u vrijeme apokalipse ili\u2026<\/p>\n\n\n\n<p>Mo\u017ee li se umjetnost stvarati tokom pandemije?<\/p>\n\n\n\n<p>Da li socijalno distanciranje zna\u010di ukidanje javne sfere i da li je to dozvoljeno?<\/p>\n\n\n\n<p>Konferencija \u0107e se odr\u017eati: 1. decembra u 13:00 CET, na zoom pro.<\/p>\n\n\n\n<p>Ovdje mo\u017eete prona\u0107i link za registraciju:<\/p>\n\n\n\n<p><strong><a href=\"https:\/\/forms.gle\/eeoiG74qcy9zd9bbA\" target=\"_blank\" rel=\"noreferrer noopener\">https:\/\/forms.gle\/eeoiG74qcy9zd9bbA<\/a><\/strong><\/p>\n\n\n\n<p>Nakon \u0161to se registrujete na obrascu za registraciju, poslat \u0107emo vam link na zoom doga\u0111aj<\/p>\n\n\n\n<p>Preuzeto sa: <a href=\"https:\/\/www.mreza-mira.net\/vijesti\/seminari-treninzi\/poziv-na-on-line-konferenciju-kultura-u-doba-covid-a\/\" target=\"_blank\" rel=\"noreferrer noopener\">mreza-mira.net<\/a><\/p>\n","protected":false},"excerpt":{"rendered":"<p>Omladinski resursni centar (ORC) Tuzla \u2013 HoN ALF BiH; Dis teatar Banja Luka, BiH; Gradsko pozori\u0161te mladih (GKM) Vitez, BiH;<\/p>\n","protected":false},"author":1,"featured_media":15084,"comment_status":"closed","ping_status":"open","sticky":false,"template":"","format":"standard","meta":{"om_disable_all_campaigns":false,"_monsterinsights_skip_tracking":false,"_monsterinsights_sitenote_active":false,"_monsterinsights_sitenote_note":"","_monsterinsights_sitenote_category":0,"footnotes":""},"categories":[6],"tags":[184,7164,424],"class_list":["post-15090","post","type-post","status-publish","format-standard","has-post-thumbnail","hentry","category-dogadjaji","tag-konferencija","tag-kultura-u-doba-covid-a","tag-online"],"jetpack_featured_media_url":"https:\/\/www.mladibl.com\/wp-content\/uploads\/2021\/11\/Poziv-na-on-line-konferenciju_-Kultura-u-doba-COVID-a.jpg","amp_enabled":true,"_links":{"self":[{"href":"https:\/\/www.mladibl.com\/index.php?rest_route=\/wp\/v2\/posts\/15090","targetHints":{"allow":["GET"]}}],"collection":[{"href":"https:\/\/www.mladibl.com\/index.php?rest_route=\/wp\/v2\/posts"}],"about":[{"href":"https:\/\/www.mladibl.com\/index.php?rest_route=\/wp\/v2\/types\/post"}],"author":[{"embeddable":true,"href":"https:\/\/www.mladibl.com\/index.php?rest_route=\/wp\/v2\/users\/1"}],"replies":[{"embeddable":true,"href":"https:\/\/www.mladibl.com\/index.php?rest_route=%2Fwp%2Fv2%2Fcomments&post=15090"}],"version-history":[{"count":1,"href":"https:\/\/www.mladibl.com\/index.php?rest_route=\/wp\/v2\/posts\/15090\/revisions"}],"predecessor-version":[{"id":15091,"href":"https:\/\/www.mladibl.com\/index.php?rest_route=\/wp\/v2\/posts\/15090\/revisions\/15091"}],"wp:featuredmedia":[{"embeddable":true,"href":"https:\/\/www.mladibl.com\/index.php?rest_route=\/wp\/v2\/media\/15084"}],"wp:attachment":[{"href":"https:\/\/www.mladibl.com\/index.php?rest_route=%2Fwp%2Fv2%2Fmedia&parent=15090"}],"wp:term":[{"taxonomy":"category","embeddable":true,"href":"https:\/\/www.mladibl.com\/index.php?rest_route=%2Fwp%2Fv2%2Fcategories&post=15090"},{"taxonomy":"post_tag","embeddable":true,"href":"https:\/\/www.mladibl.com\/index.php?rest_route=%2Fwp%2Fv2%2Ftags&post=15090"}],"curies":[{"name":"wp","href":"https:\/\/api.w.org\/{rel}","templated":true}]}}