{"id":15088,"date":"2021-11-27T10:49:54","date_gmt":"2021-11-27T08:49:54","guid":{"rendered":"https:\/\/www.mladibl.com\/?p=15088"},"modified":"2021-11-27T10:49:55","modified_gmt":"2021-11-27T08:49:55","slug":"prijavite-se-za-vebinar-prepoznavanje-vecih-trendova-uocavanje-povezanosti-sa-omladinskim-radom","status":"publish","type":"post","link":"https:\/\/www.mladibl.com\/?p=15088","title":{"rendered":"Prijavite se za vebinar \u201cPrepoznavanje vec\u0301ih trendova \u2013 uo\u010davanje povezanosti sa omladinskim radom\u201d"},"content":{"rendered":"\n<p>European Academy 16. 12. 2021. godine organizuje online vebinar i poziva sve zainteresovane da se prijave i nau\u010de ne\u0161to vi\u0161e o omladinskom radu.<\/p>\n\n\n\n<p>OBLAST: vi\u0161e oblasti<\/p>\n\n\n\n<p>OPIS: Da li biste \u017eeljeli da odvojite trenutak da istra\u017eite koncept inovacije u radu sa mladima sa kolegama iz cijele Evrope? Ovaj vebinar \u0107e se osvrnuti na trendove u dru\u0161tvu i mladima i istra\u017eiti kako ovi trendovi uti\u010du i kako na njih mo\u017ee uticati omladinski rad. Posledice pandemije Covid-19 zahtijevaju od omladinskih radnika i drugih stru\u010dnjaka u oblasti omladinskog rada da preispitaju i prilagode svoje pristupe i na\u010dine rada.<\/p>\n\n\n\n<p>USLOVI: Za 100 u\u010desnika iz Erazmus+ zemalja Programa \u201cMladi u akciji\u201d; Austrija, Belgija \u2013 DE, Belgija \u2013 FL, Belgija \u2013 FR, Bugarska, Hrvatska, Kipar, \u010ce\u0161ka Republika, Danska, Estonija, Finska, Francuska, Njema\u010dka, Gr\u010dka, Ma\u0111arska, Island, Irska, Italija , Letonija, Lihten\u0161tajn, Litvanija, Luksemburg, Malta, Holandija, Norve\u0161ka, Poljska, Portugal, Republika Severna Makedonija, Rumunija, Srbija, Slova\u010dka, Slovenija, \u0160panija, \u0160vedska, \u0160vajcarska, Turska, Ujedinjeno Kraljevstvo, partnerske zemlje koje su susjedne EU.<\/p>\n\n\n\n<p>NA\u010cIN PRIJAVE: Prijavite se putem <strong><a href=\"https:\/\/www.salto-youth.net\/tools\/european-training-calendar\/training\/european-academy-on-youth-work-webinar-2-recognizing-larger-trends-seeing-interconnections-with-youth-work.9841\/\" target=\"_blank\" rel=\"noreferrer noopener\">sajta<\/a><\/strong>.<\/p>\n\n\n\n<p>ROK ZA PRIJAVU: 14.12.2021.<\/p>\n\n\n\n<p>Detaljnije na: <strong><a href=\"https:\/\/www.salto-youth.net\/tools\/european-training-calendar\/training\/european-academy-on-youth-work-webinar-2-recognizing-larger-trends-seeing-interconnections-with-youth-work.9841\/\" target=\"_blank\" rel=\"noreferrer noopener\">https:\/\/www.salto-youth.net\/tools\/european-training-calendar\/training\/european-academy-on-youth-work-webinar-2-recognizing-larger-trends-seeing-interconnections-with-youth-work.9841\/<\/a><\/strong><\/p>\n\n\n\n<p>Preuzeto sa: <a href=\"https:\/\/mladiinfo.me\/prijavite-se-za-vebinar-prepoznavanje-vecih-trendova-uocavanje-povezanosti-sa-omladinskim-radom\" target=\"_blank\" rel=\"noreferrer noopener\">mladiinfo.me<\/a><\/p>\n","protected":false},"excerpt":{"rendered":"<p>European Academy 16. 12. 2021. godine organizuje online vebinar i poziva sve zainteresovane da se prijave i nau\u010de ne\u0161to vi\u0161e<\/p>\n","protected":false},"author":1,"featured_media":15085,"comment_status":"closed","ping_status":"open","sticky":false,"template":"","format":"standard","meta":{"om_disable_all_campaigns":false,"_monsterinsights_skip_tracking":false,"_monsterinsights_sitenote_active":false,"_monsterinsights_sitenote_note":"","_monsterinsights_sitenote_category":0,"footnotes":""},"categories":[6],"tags":[142,7158,494],"class_list":["post-15088","post","type-post","status-publish","format-standard","has-post-thumbnail","hentry","category-dogadjaji","tag-omladinski-rad","tag-trendovi","tag-webinar"],"jetpack_featured_media_url":"https:\/\/www.mladibl.com\/wp-content\/uploads\/2021\/11\/Prijavite-se-za-vebinar-Prepoznavanje-vec\u0301ih-trendova-\u2013-uocavanje-povezanosti-sa-omladinskim-radom.jpg","amp_enabled":true,"_links":{"self":[{"href":"https:\/\/www.mladibl.com\/index.php?rest_route=\/wp\/v2\/posts\/15088","targetHints":{"allow":["GET"]}}],"collection":[{"href":"https:\/\/www.mladibl.com\/index.php?rest_route=\/wp\/v2\/posts"}],"about":[{"href":"https:\/\/www.mladibl.com\/index.php?rest_route=\/wp\/v2\/types\/post"}],"author":[{"embeddable":true,"href":"https:\/\/www.mladibl.com\/index.php?rest_route=\/wp\/v2\/users\/1"}],"replies":[{"embeddable":true,"href":"https:\/\/www.mladibl.com\/index.php?rest_route=%2Fwp%2Fv2%2Fcomments&post=15088"}],"version-history":[{"count":1,"href":"https:\/\/www.mladibl.com\/index.php?rest_route=\/wp\/v2\/posts\/15088\/revisions"}],"predecessor-version":[{"id":15089,"href":"https:\/\/www.mladibl.com\/index.php?rest_route=\/wp\/v2\/posts\/15088\/revisions\/15089"}],"wp:featuredmedia":[{"embeddable":true,"href":"https:\/\/www.mladibl.com\/index.php?rest_route=\/wp\/v2\/media\/15085"}],"wp:attachment":[{"href":"https:\/\/www.mladibl.com\/index.php?rest_route=%2Fwp%2Fv2%2Fmedia&parent=15088"}],"wp:term":[{"taxonomy":"category","embeddable":true,"href":"https:\/\/www.mladibl.com\/index.php?rest_route=%2Fwp%2Fv2%2Fcategories&post=15088"},{"taxonomy":"post_tag","embeddable":true,"href":"https:\/\/www.mladibl.com\/index.php?rest_route=%2Fwp%2Fv2%2Ftags&post=15088"}],"curies":[{"name":"wp","href":"https:\/\/api.w.org\/{rel}","templated":true}]}}