{"id":15076,"date":"2021-11-27T10:47:20","date_gmt":"2021-11-27T08:47:20","guid":{"rendered":"https:\/\/www.mladibl.com\/?p=15076"},"modified":"2021-11-27T10:47:21","modified_gmt":"2021-11-27T08:47:21","slug":"prijavite-se-za-we4change-obuku","status":"publish","type":"post","link":"https:\/\/www.mladibl.com\/?p=15076","title":{"rendered":"Prijavite se za We4Change obuku"},"content":{"rendered":"\n<p>Prijavite se za obuku We4Change koja c\u0301e se odr\u017eati od 2. do 4. februara 2022. u Briselu (Belgija)<\/p>\n\n\n\n<p>OBLAST: klimatske promjene<\/p>\n\n\n\n<p>OPIS: Obuka posvec\u0301ena omladinskim radnicima i trenerima koji su zainteresovani da nau\u010de kako da efikasno sprovedu We4Change Changemakers doga\u0111aj \u2013 doga\u0111aj sli\u010dan hakatonu koji nudi inovativnu kombinaciju prakti\u010dnih aktivnosti, obuku o digitalnim, inovacijskim i ekolo\u0161kim vje\u0161tinama, vje\u0161tine rje\u0161avanja problema i zajedni\u010dkog stvarala\u0161tva mladim djevojkama i \u017eenama za re\u0161avanje klimatskih promena.<\/p>\n\n\n\n<p>USLOVI: Omladinski radnici, treneri i mentori koji rade ili su zainteresovani za rad sa djevojkama i mladim \u017eenama na temama koje pokriva projekat We4Change (osna\u017eivanje mladih, ekolo\u0161ka akcija, digitalne vje\u0161tine, preduzetni\u010dki na\u010din razmi\u0161ljanja).<\/p>\n\n\n\n<p>NA\u010cIN PRIJAVE: Prijava putem <strong><a href=\"https:\/\/www.salto-youth.net\/tools\/european-training-calendar\/training\/we4change-train-the-trainer-workshop.9835\/\" target=\"_blank\" rel=\"noreferrer noopener\">aplikacije<\/a><\/strong>.<\/p>\n\n\n\n<p>ROK ZA PRIJAVU: 10.12.2021.<\/p>\n\n\n\n<p>Detaljnije na: <strong><a href=\"https:\/\/www.salto-youth.net\/tools\/european-training-calendar\/training\/we4change-train-the-trainer-workshop.9835\/\" target=\"_blank\" rel=\"noreferrer noopener\">https:\/\/www.salto-youth.net\/tools\/european-training-calendar\/training\/we4change-train-the-trainer-workshop.9835\/<\/a><\/strong><\/p>\n\n\n\n<p>Preuzeto sa: <a href=\"https:\/\/mladiinfo.me\/prijavite-se-za-we4change-obuku\" target=\"_blank\" rel=\"noreferrer noopener\">mladiinfo.me<\/a><\/p>\n","protected":false},"excerpt":{"rendered":"<p>Prijavite se za obuku We4Change koja c\u0301e se odr\u017eati od 2. do 4. februara 2022. u Briselu (Belgija) OBLAST: klimatske<\/p>\n","protected":false},"author":1,"featured_media":15086,"comment_status":"closed","ping_status":"open","sticky":false,"template":"","format":"standard","meta":{"om_disable_all_campaigns":false,"_monsterinsights_skip_tracking":false,"_monsterinsights_sitenote_active":false,"_monsterinsights_sitenote_note":"","_monsterinsights_sitenote_category":0,"footnotes":""},"categories":[4],"tags":[3129,3859,325,408,2787,7088],"class_list":["post-15076","post","type-post","status-publish","format-standard","has-post-thumbnail","hentry","category-edukacija","tag-klimatske-promjene","tag-mentori","tag-obuka","tag-omladinski-radnici","tag-treneri","tag-we4change"],"jetpack_featured_media_url":"https:\/\/www.mladibl.com\/wp-content\/uploads\/2021\/11\/Prijavite-se-za-We4Change-obuku.jpg","amp_enabled":true,"_links":{"self":[{"href":"https:\/\/www.mladibl.com\/index.php?rest_route=\/wp\/v2\/posts\/15076","targetHints":{"allow":["GET"]}}],"collection":[{"href":"https:\/\/www.mladibl.com\/index.php?rest_route=\/wp\/v2\/posts"}],"about":[{"href":"https:\/\/www.mladibl.com\/index.php?rest_route=\/wp\/v2\/types\/post"}],"author":[{"embeddable":true,"href":"https:\/\/www.mladibl.com\/index.php?rest_route=\/wp\/v2\/users\/1"}],"replies":[{"embeddable":true,"href":"https:\/\/www.mladibl.com\/index.php?rest_route=%2Fwp%2Fv2%2Fcomments&post=15076"}],"version-history":[{"count":1,"href":"https:\/\/www.mladibl.com\/index.php?rest_route=\/wp\/v2\/posts\/15076\/revisions"}],"predecessor-version":[{"id":15087,"href":"https:\/\/www.mladibl.com\/index.php?rest_route=\/wp\/v2\/posts\/15076\/revisions\/15087"}],"wp:featuredmedia":[{"embeddable":true,"href":"https:\/\/www.mladibl.com\/index.php?rest_route=\/wp\/v2\/media\/15086"}],"wp:attachment":[{"href":"https:\/\/www.mladibl.com\/index.php?rest_route=%2Fwp%2Fv2%2Fmedia&parent=15076"}],"wp:term":[{"taxonomy":"category","embeddable":true,"href":"https:\/\/www.mladibl.com\/index.php?rest_route=%2Fwp%2Fv2%2Fcategories&post=15076"},{"taxonomy":"post_tag","embeddable":true,"href":"https:\/\/www.mladibl.com\/index.php?rest_route=%2Fwp%2Fv2%2Ftags&post=15076"}],"curies":[{"name":"wp","href":"https:\/\/api.w.org\/{rel}","templated":true}]}}