{"id":15061,"date":"2021-11-26T12:36:26","date_gmt":"2021-11-26T10:36:26","guid":{"rendered":"https:\/\/www.mladibl.com\/?p=15061"},"modified":"2021-11-26T12:36:27","modified_gmt":"2021-11-26T10:36:27","slug":"predstavljanje-alata-za-procjenu-i-jacanje-organizacijskih-kapaciteta","status":"publish","type":"post","link":"https:\/\/www.mladibl.com\/?p=15061","title":{"rendered":"Predstavljanje alata za procjenu i ja\u010danje organizacijskih kapaciteta"},"content":{"rendered":"\n<p>Institut za razvoj mladih KULT poziva organizacije civilnog dru\u0161tva da se prijave na jednodnevni doga\u0111aj na kojem \u0107e Institut prezentirati alate za procjenu i ja\u010danje organizacijskih kapaciteta.<\/p>\n\n\n\n<p>Institut ima vi\u0161egodi\u0161nje iskustvo u izgradnji i razvoju civilnog dru\u0161tva u Bosni i Hercegovini, te povjerenje i saradnju sa zna\u010dajnim me\u0111unarodnim institucijama, razvojnim agencijama i donatorima. Sa provedenih vi\u0161e od 150 projekata u proteklih 20 godina Institut nudi svoju ekspertizu i partnerstvo u razvoju organizacijskih kapaciteta.<\/p>\n\n\n\n<p>Tokom doga\u0111aja predstavnici Instituta prezentirat \u0107e sljede\u0107e alate:<\/p>\n\n\n\n<p>KULT\/POK je online alat za samoprocjenu i procjenu organizacijskih kapaciteta, koji je razvio Institut. Metodolo\u0161ki, alat je razvijen kroz 14 kategorija sa ukupno 90 indikatora gdje se na skali od 1 do 4 procjenjuju kapaciteti organizacija. KULT\/POK \u010dine tri faze i to: (I) koja podrazumijeva samoprocjenu i kroz koju organizacije prolaze same, (II) odnosno faza verifikacije gdje organizacije prila\u017eu dokumentaciju kojom dokazuju i obrazla\u017eu svoje ocjene iz prve faze, te (III) u kojoj Institutova komisija pregleda, analizira i verificira dostavljenu dokumentaciju, \u0161to slu\u017ei kao osnova za pripremu specifi\u010dnih preporuka i planova za ja\u010danje kapaciteta, kreiranih samo za tu organizaciju. Organizacije same odlu\u010duju do koje faze \u017eele u\u010destvovati.<\/p>\n\n\n\n<p>Profibes je online aplikacija za projektno ra\u010dunovodstvo, koja je razvijena od stru\u010dnjaka za projektni menad\u017ement i projektne finansije, a koji imaju bogato vi\u0161egodi\u0161nje iskustvo u ovim oblastima. Namijenjen je kako malim organizacijama, tako i organizacijama koje provode velike projekte bilo gdje na svijetu. Nije potrebna instalacija softvera na ra\u010dunar, a mo\u017ee se koristiti na bilo kojem ure\u0111aju koji je povezan na internet. Svi podaci nalaze se na eksternim serverima koji su vi\u0161estruko osigurani od neovla\u0161tenog pristupa i redovno se arhiviraju.<\/p>\n\n\n\n<p>Korisne savjete za upravljanje dru\u0161tvenim medijima kao i obrasce za jedinstvenu komunikaciju sa medijima i partnerima.<\/p>\n\n\n\n<p>Doga\u0111aj \u0107e se odr\u017eati 14. decembra 2021. g. u Sarajevu, Hotel Hils (11. sprat) sa po\u010detkom u 11.00 sati. Institut pokriva tro\u0161kove prijevoza, hrane, osvje\u017eenja i radnih materijala. Za u\u010desnike koji dolaze iz mjesta udaljenijih od 150 km u jednom pravcu Institut snosi tro\u0161kove smje\u0161taja za jedno no\u0107enje. Prijave za doga\u0111aj potrebno je izvr\u0161iti najkasnije do 6.12.2021. godine do 12.00 sati putem linka <strong><a href=\"http:\/\/mladi.org\/v2\/bs\/component\/eventbooking\/predstavljanje-alata-za-procjenu-i-jacanje-organizacijskih-kapaciteta\/individual-registration?Itemid=\" target=\"_blank\" rel=\"noreferrer noopener\">OVDJE<\/a><\/strong>.<\/p>\n\n\n\n<p>Prednost za u\u010de\u0161\u0107e na doga\u0111aju imati \u0107e organizacije koje:<\/p>\n\n\n\n<p>imaju minimalno jednu stalno zaposlenu osobu;<br>su imale bud\u017eet ve\u0107i od 30.000 KM u 2020. godini;<br>imaju motivaciju za razvoj i unaprje\u0111enje internih pravilnika i procedura.<\/p>\n\n\n\n<p>Institut za razvoj mladih KULT zadr\u017eava pravo odabira organizacija koje \u0107e biti pozvane na doga\u0111aj.<\/p>\n\n\n\n<p>Institut \u0107e obavijestiti sve prijavljene organizacije o tome jesu li ili nisu odabrane za u\u010de\u0161\u0107e na doga\u0111aju.<\/p>\n\n\n\n<p>Na doga\u0111aju \u0107e se po\u0161tovati sve trenutno propisane epidemiolo\u0161ke mjere u vezi s pandemijom virusa COVID-19.<\/p>\n\n\n\n<p>Preuzeto sa: <a href=\"https:\/\/snagalokalnog.ba\/predstavljanje-alata-za-procjenu-i-jacanje-organizacijskih-kapaciteta\/\" target=\"_blank\" rel=\"noreferrer noopener\">snagalokalnog.ba<\/a><\/p>\n","protected":false},"excerpt":{"rendered":"<p>Institut za razvoj mladih KULT poziva organizacije civilnog dru\u0161tva da se prijave na jednodnevni doga\u0111aj na kojem \u0107e Institut prezentirati<\/p>\n","protected":false},"author":1,"featured_media":15055,"comment_status":"closed","ping_status":"open","sticky":false,"template":"","format":"standard","meta":{"om_disable_all_campaigns":false,"_monsterinsights_skip_tracking":false,"_monsterinsights_sitenote_active":false,"_monsterinsights_sitenote_note":"","_monsterinsights_sitenote_category":0,"footnotes":""},"categories":[6],"tags":[7160,1189,157,7161],"class_list":["post-15061","post","type-post","status-publish","format-standard","has-post-thumbnail","hentry","category-dogadjaji","tag-alati-za-procjenu","tag-jacanje","tag-kult","tag-organizacijski-kapaciteti"],"jetpack_featured_media_url":"https:\/\/www.mladibl.com\/wp-content\/uploads\/2021\/11\/Institut-za-razvoj-mladih-KULT.jpg","amp_enabled":true,"_links":{"self":[{"href":"https:\/\/www.mladibl.com\/index.php?rest_route=\/wp\/v2\/posts\/15061","targetHints":{"allow":["GET"]}}],"collection":[{"href":"https:\/\/www.mladibl.com\/index.php?rest_route=\/wp\/v2\/posts"}],"about":[{"href":"https:\/\/www.mladibl.com\/index.php?rest_route=\/wp\/v2\/types\/post"}],"author":[{"embeddable":true,"href":"https:\/\/www.mladibl.com\/index.php?rest_route=\/wp\/v2\/users\/1"}],"replies":[{"embeddable":true,"href":"https:\/\/www.mladibl.com\/index.php?rest_route=%2Fwp%2Fv2%2Fcomments&post=15061"}],"version-history":[{"count":1,"href":"https:\/\/www.mladibl.com\/index.php?rest_route=\/wp\/v2\/posts\/15061\/revisions"}],"predecessor-version":[{"id":15062,"href":"https:\/\/www.mladibl.com\/index.php?rest_route=\/wp\/v2\/posts\/15061\/revisions\/15062"}],"wp:featuredmedia":[{"embeddable":true,"href":"https:\/\/www.mladibl.com\/index.php?rest_route=\/wp\/v2\/media\/15055"}],"wp:attachment":[{"href":"https:\/\/www.mladibl.com\/index.php?rest_route=%2Fwp%2Fv2%2Fmedia&parent=15061"}],"wp:term":[{"taxonomy":"category","embeddable":true,"href":"https:\/\/www.mladibl.com\/index.php?rest_route=%2Fwp%2Fv2%2Fcategories&post=15061"},{"taxonomy":"post_tag","embeddable":true,"href":"https:\/\/www.mladibl.com\/index.php?rest_route=%2Fwp%2Fv2%2Ftags&post=15061"}],"curies":[{"name":"wp","href":"https:\/\/api.w.org\/{rel}","templated":true}]}}