{"id":15047,"date":"2021-11-26T09:19:06","date_gmt":"2021-11-26T07:19:06","guid":{"rendered":"https:\/\/www.mladibl.com\/?p=15047"},"modified":"2021-11-26T09:19:07","modified_gmt":"2021-11-26T07:19:07","slug":"banja-luka-domacin-osme-konferencije-omladinskog-rada-kora-8","status":"publish","type":"post","link":"https:\/\/www.mladibl.com\/?p=15047","title":{"rendered":"Banja Luka doma\u0107in Osme konferencije omladinskog rada \u2013 KORA 8"},"content":{"rendered":"\n<p>Profesionalizacija omladinskih radnika, sigurnost mladih na internetu i digitalizacija tehni\u010dkih aspekata omldinskog rada teme su ovogodi\u0161nje Konferencije, koju organizuju NVO \u201eM.O.C.A.R.T Republike Srpske \u2013 Mre\u017ea omladinskih centara za animiranje, razvoj i trenig\u201c i \u201ePerpetuum mobile \u2013 Institut za ravoj mladih i zajednice, kao sekratrijat Mre\u017ee.<\/p>\n\n\n\n<p>Imaju\u0107i u vidu da se 25. novembra obilje\u017eava Me\u0111unarodni dan borbe protiv nasilja nad \u017eenama, simboli\u010dnim pu\u0161tanjem narand\u017eastih balona, aktivisti omladinskih organizacija podr\u017eali su <strong><a href=\"https:\/\/www.banjaluka.rs.ba\/kampanja-16-dana-aktivizma-u-domu-omladine-izlozba-ruke-stvaraju-zivot-bez-nasilja\/\" target=\"_blank\" rel=\"noreferrer noopener\">borbu protiv nasilja nad \u017eenama<\/a><\/strong>.<\/p>\n\n\n\n<p>Konferencija okuplja klju\u010dne aktere u radu sa mladima me\u0111u kojima su svakako i predstavnici republi\u010dkih i lokalnih institucija, pa je otvaranju Konferencije prisustvovala i savjetnica gradona\u010delnika za dru\u0161tvene djelatnosti Milada \u0160ukalo koja je kazala da je veoma zna\u010dajno \u0161to je Banja Luka doma\u0107in ovogodi\u0161nje Konferencije omladinskog rada \u2013 kao jednog od najva\u017enijih doga\u0111aja za mlade i omladinske politike u Republici Srpskoj.<\/p>\n\n\n\n<p>\u2013 U proteklom periodu potrudili smo se da prostor Doma omladine preuredimo i prilagodimo, te da ga stavimo na raspolaganje mladim ljudima, pa me izuzetno raduje \u0161to se Konferencija na kojoj u\u010destvuje preko stotinu mladih odr\u017eava upravo na ovom mjestu \u2013 poru\u010dila je savjetnica \u0160ukalo, dodav\u0161i da je cilj i bio da se mladima obezbijedi mjesto na kojem \u0107e mo\u0107i nesmatano sprovoditi sve svoje aktivnosti.<\/p>\n\n\n\n<p>Izvr\u0161ni direktor Instituta Perpetuum mobile \u2013 Sekretarijata mre\u017ee M.O.C.A.R.T., Ilija Trnini\u0107 kazao je da je odr\u017eavanje ove Konferecije izuzetno zna\u010dajan doga\u0111aj, na kojem \u0107e se obraditi teme od zna\u010daja za mlade ljude i njihov razvoj.<\/p>\n\n\n\n<p>\u2013 Osim \u0161to je simboli\u010dno podr\u017eana borba protiv nasilja nad \u017eenama, mladi \u0107e imati priliku da na Konferenciji diskutuju i o drugim va\u017enim temama. S obzirom na to da je posljednja konferencija odr\u017eana prije pandemije, zna\u010daj Osme konferencije ogleda se upravo u temama koje \u0107e obuhvatiti promociju zdravih \u017eivotnih stilova u doba pandemije, ali i teme sigurnosti mladih na internetu sa fokusom na uticaj interneta na devijantno i nasilno pona\u0161anje, te mnoge druge teme \u2013 poru\u010dio je Trnini\u0107.<\/p>\n\n\n\n<p>On je istakao da su u\u010desnici Konferencije pristigli iz brojnih gradova Republike Srpske i BiH, a da je glavni cilj da oni po\u0161alju poruku o pravcu kojim treba da se kre\u0107u mladi, pa \u0107e tako po zavr\u0161etku dvodnevnih susreta zaklju\u010dci koje mladi donesu na Konferenciji biti upu\u0107eni Ministarstvu porodice, omladine i sporta Republike Srpske, kako bi isti bili uvr\u0161teni u dokument \u201eOmladinska politika Republike Srpske\u201c.<\/p>\n\n\n\n<p>Pomo\u0107nica ministra za porodice, omladine i sporta Republike Srpske Branka Male\u0161evi\u0107 kazala je da Ministarstvo trenutno radi na izradi Omladinske politike za narednih pet godina, te da \u0107e zaklju\u010dci Konferencije svakako poslu\u017eiti kao temelj i ideja pri izradi ovog zna\u010dajnog dokumenta.<\/p>\n\n\n\n<p>Preuzeto sa: <a href=\"https:\/\/www.banjaluka.rs.ba\/banja-luka-domacin-osme-konferencije-omladinskog-rada-kora-8\/\" target=\"_blank\" rel=\"noreferrer noopener\">Grad Banja Luka<\/a><\/p>\n","protected":false},"excerpt":{"rendered":"<p>Profesionalizacija omladinskih radnika, sigurnost mladih na internetu i digitalizacija tehni\u010dkih aspekata omldinskog rada teme su ovogodi\u0161nje Konferencije, koju organizuju NVO<\/p>\n","protected":false},"author":1,"featured_media":15038,"comment_status":"closed","ping_status":"open","sticky":false,"template":"","format":"standard","meta":{"om_disable_all_campaigns":false,"_monsterinsights_skip_tracking":false,"_monsterinsights_sitenote_active":false,"_monsterinsights_sitenote_note":"","_monsterinsights_sitenote_category":0,"footnotes":""},"categories":[2],"tags":[184,7157,142],"class_list":["post-15047","post","type-post","status-publish","format-standard","has-post-thumbnail","hentry","category-vijesti","tag-konferencija","tag-kora-8","tag-omladinski-rad"],"jetpack_featured_media_url":"https:\/\/www.mladibl.com\/wp-content\/uploads\/2021\/11\/Banja-Luka-domacin-Osme-konferencije-omladinskog-rada-\u2013-KORA-8.jpg","amp_enabled":true,"_links":{"self":[{"href":"https:\/\/www.mladibl.com\/index.php?rest_route=\/wp\/v2\/posts\/15047","targetHints":{"allow":["GET"]}}],"collection":[{"href":"https:\/\/www.mladibl.com\/index.php?rest_route=\/wp\/v2\/posts"}],"about":[{"href":"https:\/\/www.mladibl.com\/index.php?rest_route=\/wp\/v2\/types\/post"}],"author":[{"embeddable":true,"href":"https:\/\/www.mladibl.com\/index.php?rest_route=\/wp\/v2\/users\/1"}],"replies":[{"embeddable":true,"href":"https:\/\/www.mladibl.com\/index.php?rest_route=%2Fwp%2Fv2%2Fcomments&post=15047"}],"version-history":[{"count":1,"href":"https:\/\/www.mladibl.com\/index.php?rest_route=\/wp\/v2\/posts\/15047\/revisions"}],"predecessor-version":[{"id":15048,"href":"https:\/\/www.mladibl.com\/index.php?rest_route=\/wp\/v2\/posts\/15047\/revisions\/15048"}],"wp:featuredmedia":[{"embeddable":true,"href":"https:\/\/www.mladibl.com\/index.php?rest_route=\/wp\/v2\/media\/15038"}],"wp:attachment":[{"href":"https:\/\/www.mladibl.com\/index.php?rest_route=%2Fwp%2Fv2%2Fmedia&parent=15047"}],"wp:term":[{"taxonomy":"category","embeddable":true,"href":"https:\/\/www.mladibl.com\/index.php?rest_route=%2Fwp%2Fv2%2Fcategories&post=15047"},{"taxonomy":"post_tag","embeddable":true,"href":"https:\/\/www.mladibl.com\/index.php?rest_route=%2Fwp%2Fv2%2Ftags&post=15047"}],"curies":[{"name":"wp","href":"https:\/\/api.w.org\/{rel}","templated":true}]}}