{"id":15045,"date":"2021-11-26T09:17:10","date_gmt":"2021-11-26T07:17:10","guid":{"rendered":"https:\/\/www.mladibl.com\/?p=15045"},"modified":"2021-11-26T09:17:10","modified_gmt":"2021-11-26T07:17:10","slug":"kampanja-16-dana-aktivizma-u-domu-omladine-izlozba-ruke-stvaraju-zivot-bez-nasilja","status":"publish","type":"post","link":"https:\/\/www.mladibl.com\/?p=15045","title":{"rendered":"Kampanja \u201e16 dana aktivizma\u201c: U Domu omladine izlo\u017eba \u201eRuke stvaraju \u017eivot bez nasilja\u201c"},"content":{"rendered":"\n<p>U okviru kampanje \u201e16 dana aktivizma protiv nasilja nad \u017eenama\u201c, u prostorijama Doma omladine otvorena je izlo\u017eba \u201eRuke stvaraju \u017eivot bez nasilja\u201c.<\/p>\n\n\n\n<p>Grad Banja Luka, kako je istakla Nevena Blagojevi\u0107 \u2013 Podri\u0107, ovla\u0161teni potpisnik u Odjeljenju za kulturu, turizam i socijalnu politiku \u2013 redovno podr\u017eava aktivnosti Fondacije \u201eUdru\u017eene \u017eene Banja Luka\u201c, koje organizuju s ciljem podizanja svijesti o spre\u010davanju nasilja nad \u017eenama i djevoj\u010dicama.<\/p>\n\n\n\n<p>-Svake godine podr\u017eavamo kampanju \u201e16 dana aktivizma\u201c putem razli\u010ditih aktivnosti. Danas iz Doma omladine pozivamo sugra\u0111ane da posjete ovu izlo\u017ebu, koju su radile \u017eene \u0161ti\u0107enice Sigurne ku\u0107e \u2013 kazala je ona.<\/p>\n\n\n\n<p>Kako su kazali iz Fondacije \u201eUdru\u017eene \u017eene Banja Luka\u201c, izlo\u017ebom su obuhva\u0107eni razli\u010diti radovi koji su nastali u okviru radno \u2013 okupacione terapije sa \u017eenama i djecom, koji koriste posebnu mjeru podr\u0161ke u Sigurnoj ku\u0107i.<\/p>\n\n\n\n<p>U ime Fondacije, Amela Ba\u0161i\u0107 \u2013 Tomi\u0107, koordinatorica Sigurne ku\u0107e zahvalila je Gradu Banjoj Luci, Centru za socijalni rad i \u010dlanovima drugih nevladinih organizacija \u0161to su dolaskom podr\u017eali izlo\u017ebu u Domu omladine.<\/p>\n\n\n\n<p>-Grad Banja Luka je finansijski podr\u017eao realizaciju ove kampanje, \u0161to nam je od izuzetnog zna\u010daja \u2013 istakla je ona.<\/p>\n\n\n\n<p>Kako je kazala, izlo\u017eba \u201eRuke stvaraju \u017eivot bez nasilja\u201c predstavlja jednu od preventivnih aktivnosti u okviru kampanje \u201e16 dana aktivizma\u201c, kroz koju je omogu\u0107eno i \u010dlanovima lokalne zajednice da se uklju\u010de i na taj na\u010din daju svoj doprinos borbi protiv ovog velikog dru\u0161tvenog problema.<\/p>\n\n\n\n<p>Izlo\u017eba u Domu omladine traja\u0107e 25. i 26. novembra u periodu od 11 do 17 \u010dasova. Prodajnog je karaktera, a sav prihod bi\u0107e uru\u010den \u017eenama koje su kreatorke prodatih proizvoda.<\/p>\n\n\n\n<p>\u201eNisi sama\u201c: SOS telefon 1264<\/p>\n\n\n\n<p>Ova fondacija ima dugogodi\u0161nje iskustvo u pru\u017eanju psiholo\u0161ke podr\u0161ke \u017eenama i djeci \u017ertvama nasilja putem SOS telefona za \u017eene \u017ertve nasilja koji su uspostavili po\u010detkom 1997. godine. Pozivom na SOS telefon 1264, koji je aktivan 24 \u010dasa, \u017ertve nasilja u porodici ili drugih oblika rodno zasnovanog nasilja mogu dobiti psiholo\u0161ku podr\u0161ku, informacije o za\u0161titi svojih prava i procedurama za\u0161tite prava pred institucijama. SOS poziv je besplatan i anoniman ukoliko osoba koja tra\u017ei pomo\u0107 to \u017eeli. Pozivom na SOS telefon tako\u0111e mo\u017ee se prijaviti nasilje ili dobiti informacije i savjet kako pomo\u0107i \u017eenama i djeci \u017ertvama nasilja u va\u0161em bliskom okru\u017eenju.<\/p>\n\n\n\n<p>Preuzeto sa: <a href=\"https:\/\/www.banjaluka.rs.ba\/kampanja-16-dana-aktivizma-u-domu-omladine-izlozba-ruke-stvaraju-zivot-bez-nasilja\/\" target=\"_blank\" rel=\"noreferrer noopener\">Grad Banja Luka<\/a><\/p>\n","protected":false},"excerpt":{"rendered":"<p>U okviru kampanje \u201e16 dana aktivizma protiv nasilja nad \u017eenama\u201c, u prostorijama Doma omladine otvorena je izlo\u017eba \u201eRuke stvaraju \u017eivot<\/p>\n","protected":false},"author":1,"featured_media":15039,"comment_status":"closed","ping_status":"open","sticky":false,"template":"","format":"standard","meta":{"om_disable_all_campaigns":false,"_monsterinsights_skip_tracking":false,"_monsterinsights_sitenote_active":false,"_monsterinsights_sitenote_note":"","_monsterinsights_sitenote_category":0,"footnotes":""},"categories":[2],"tags":[6872,21,699,1016,7156],"class_list":["post-15045","post","type-post","status-publish","format-standard","has-post-thumbnail","hentry","category-vijesti","tag-16-dana-aktivizma","tag-dom-omladine","tag-izlozba","tag-kampanja","tag-ruke-stvaraju-zivot-bez-nasilja"],"jetpack_featured_media_url":"https:\/\/www.mladibl.com\/wp-content\/uploads\/2021\/11\/Kampanja-\u201e16-dana-aktivizma_-U-Domu-omladine-izlozba-\u201eRuke-stvaraju-zivot-bez-nasilja.jpg","amp_enabled":true,"_links":{"self":[{"href":"https:\/\/www.mladibl.com\/index.php?rest_route=\/wp\/v2\/posts\/15045","targetHints":{"allow":["GET"]}}],"collection":[{"href":"https:\/\/www.mladibl.com\/index.php?rest_route=\/wp\/v2\/posts"}],"about":[{"href":"https:\/\/www.mladibl.com\/index.php?rest_route=\/wp\/v2\/types\/post"}],"author":[{"embeddable":true,"href":"https:\/\/www.mladibl.com\/index.php?rest_route=\/wp\/v2\/users\/1"}],"replies":[{"embeddable":true,"href":"https:\/\/www.mladibl.com\/index.php?rest_route=%2Fwp%2Fv2%2Fcomments&post=15045"}],"version-history":[{"count":1,"href":"https:\/\/www.mladibl.com\/index.php?rest_route=\/wp\/v2\/posts\/15045\/revisions"}],"predecessor-version":[{"id":15046,"href":"https:\/\/www.mladibl.com\/index.php?rest_route=\/wp\/v2\/posts\/15045\/revisions\/15046"}],"wp:featuredmedia":[{"embeddable":true,"href":"https:\/\/www.mladibl.com\/index.php?rest_route=\/wp\/v2\/media\/15039"}],"wp:attachment":[{"href":"https:\/\/www.mladibl.com\/index.php?rest_route=%2Fwp%2Fv2%2Fmedia&parent=15045"}],"wp:term":[{"taxonomy":"category","embeddable":true,"href":"https:\/\/www.mladibl.com\/index.php?rest_route=%2Fwp%2Fv2%2Fcategories&post=15045"},{"taxonomy":"post_tag","embeddable":true,"href":"https:\/\/www.mladibl.com\/index.php?rest_route=%2Fwp%2Fv2%2Ftags&post=15045"}],"curies":[{"name":"wp","href":"https:\/\/api.w.org\/{rel}","templated":true}]}}