{"id":15043,"date":"2021-11-26T09:15:33","date_gmt":"2021-11-26T07:15:33","guid":{"rendered":"https:\/\/www.mladibl.com\/?p=15043"},"modified":"2021-11-26T09:15:34","modified_gmt":"2021-11-26T07:15:34","slug":"sta-nas-ocekuje-u-rodendanskoj-sedmici","status":"publish","type":"post","link":"https:\/\/www.mladibl.com\/?p=15043","title":{"rendered":"\u0160ta nas o\u010dekuje u ro\u0111endanskoj sedmici"},"content":{"rendered":"\n<p>Povodom obilje\u017eavanja 90 godina Gradske uprave, pripremljeni su brojni doga\u0111aji koji \u0107e biti odr\u017eani u na\u0161em gradu od 1. do 5. decembra.<\/p>\n\n\n\n<p>Objedinjeni u okviru manifestacije nazvane \u201eZlatno doba povodom 90 godina Gradske uprave\u201c podsjeti\u0107e nas na veliki zna\u010daj Svetislava-Tise Milosavljevi\u0107a, prvog bana Vrbaske banovine i \u010dovjeka bez kojeg bi banjalu\u010dka istorija, ali i budu\u0107nost, ostale uskra\u0107ene za zlatno doba Banje Luke.<\/p>\n\n\n\n<p>Upravo zahvaljuju\u0107i njemu, 1. decembra 1931. godine izgra\u0111ena je dana\u0161nja zgrada Gradske uprave Banja Luka. U tom periodu nazvanom \u201ezlatno doba Banje Luke\u201c izgra\u0111eni su i drugi reprezentativni objekti \u2013 Banski dvor, dana\u0161nja Palata Republike, Narodno pozori\u0161te Republike Srpske, Higijenski zavod, objekti U\u010diteljske i Poljoprivredne \u0161kole, brojne \u010dinovni\u010dke stambene zgrade\u2026<\/p>\n\n\n\n<p>Gradska administracija potrudi\u0107e se da razli\u010ditim doga\u0111ajima vrati da\u0161ak zlatnog doba i podsjeti na taj period najve\u0107eg uspona na\u0161eg grada.<\/p>\n\n\n\n<p>Tako \u0107e program povodom ro\u0111endana Gradske uprave, zapo\u010deti 1. decembra kada je planiran multimedijalni doga\u0111aj-svjetlosna projekcija na zgradi Gradske uprave i nastup Gradskog tambura\u0161kog orkestra (od 19.00 \u010dasova).<\/p>\n\n\n\n<p>U ro\u0111endanskoj sedmici, sugra\u0111ani i svi posjetioci ima\u0107e priliku da u okviru dana \u201eOtvorena vrata Gradske uprave\u201c u glavnom holu posjete specijalno pripremljen foto-kutak sa scenografijom iz zlatnog perioda Banje Luke i da se fotografi\u0161u u duhu starog lijepog ambijenta.<\/p>\n\n\n\n<p>Kako bi se \u0161to bolje do\u010darao ambijent zlatnog doba, centrom grada \u0161eta\u0107e glumci, koji \u0107e se na\u0107i u ulozi bana, njegove supruge i \u010dinovnika. Sugra\u0111ani \u0107e imati priliku da se dru\u017ee i fotografi\u0161u sa kostimiranim glumcima.<\/p>\n\n\n\n<p>U saradnji sa Narodnim pozori\u0161tem Republike Srpske 2. decembra bi\u0107e odr\u017eana i predstava \u201eZlatno doba\u201c, za koju \u0107e Gradska uprava pokloniti karte sugra\u0111anima.<\/p>\n\n\n\n<p>U Banskom dvoru, tokom trajanja manifestacije, bi\u0107e otvorena izlo\u017ebena postavka \u201eU posjeti banu\u201c, a za posjetioce bi\u0107e omogu\u0107eno stru\u010dno vo\u0111enje od strane autora postavke Nade\u017ede Lazarevi\u0107 Kova\u010devi\u0107 i Dragana Kova\u010devi\u0107a.<\/p>\n\n\n\n<p>Preuzeto sa: <a href=\"https:\/\/www.banjaluka.rs.ba\/sta-nas-ocekuje-u-rodjendanskoj-sedmici\/\" target=\"_blank\" rel=\"noreferrer noopener\">Grad Banja Luka<\/a><\/p>\n","protected":false},"excerpt":{"rendered":"<p>Povodom obilje\u017eavanja 90 godina Gradske uprave, pripremljeni su brojni doga\u0111aji koji \u0107e biti odr\u017eani u na\u0161em gradu od 1. do<\/p>\n","protected":false},"author":1,"featured_media":15040,"comment_status":"closed","ping_status":"open","sticky":false,"template":"","format":"standard","meta":{"om_disable_all_campaigns":false,"_monsterinsights_skip_tracking":false,"_monsterinsights_sitenote_active":false,"_monsterinsights_sitenote_note":"","_monsterinsights_sitenote_category":0,"footnotes":""},"categories":[2],"tags":[7154,27,344,7155],"class_list":["post-15043","post","type-post","status-publish","format-standard","has-post-thumbnail","hentry","category-vijesti","tag-90-godina-2","tag-grad-banja-luka","tag-gradska-uprava","tag-zlatno-doba"],"jetpack_featured_media_url":"https:\/\/www.mladibl.com\/wp-content\/uploads\/2021\/11\/Sta-nas-ocekuje-u-rodendanskoj-sedmici.jpg","amp_enabled":true,"_links":{"self":[{"href":"https:\/\/www.mladibl.com\/index.php?rest_route=\/wp\/v2\/posts\/15043","targetHints":{"allow":["GET"]}}],"collection":[{"href":"https:\/\/www.mladibl.com\/index.php?rest_route=\/wp\/v2\/posts"}],"about":[{"href":"https:\/\/www.mladibl.com\/index.php?rest_route=\/wp\/v2\/types\/post"}],"author":[{"embeddable":true,"href":"https:\/\/www.mladibl.com\/index.php?rest_route=\/wp\/v2\/users\/1"}],"replies":[{"embeddable":true,"href":"https:\/\/www.mladibl.com\/index.php?rest_route=%2Fwp%2Fv2%2Fcomments&post=15043"}],"version-history":[{"count":1,"href":"https:\/\/www.mladibl.com\/index.php?rest_route=\/wp\/v2\/posts\/15043\/revisions"}],"predecessor-version":[{"id":15044,"href":"https:\/\/www.mladibl.com\/index.php?rest_route=\/wp\/v2\/posts\/15043\/revisions\/15044"}],"wp:featuredmedia":[{"embeddable":true,"href":"https:\/\/www.mladibl.com\/index.php?rest_route=\/wp\/v2\/media\/15040"}],"wp:attachment":[{"href":"https:\/\/www.mladibl.com\/index.php?rest_route=%2Fwp%2Fv2%2Fmedia&parent=15043"}],"wp:term":[{"taxonomy":"category","embeddable":true,"href":"https:\/\/www.mladibl.com\/index.php?rest_route=%2Fwp%2Fv2%2Fcategories&post=15043"},{"taxonomy":"post_tag","embeddable":true,"href":"https:\/\/www.mladibl.com\/index.php?rest_route=%2Fwp%2Fv2%2Ftags&post=15043"}],"curies":[{"name":"wp","href":"https:\/\/api.w.org\/{rel}","templated":true}]}}