{"id":15027,"date":"2021-11-25T02:02:26","date_gmt":"2021-11-25T00:02:26","guid":{"rendered":"https:\/\/www.mladibl.com\/?p=15027"},"modified":"2021-11-25T02:02:27","modified_gmt":"2021-11-25T00:02:27","slug":"zajednicki-kalendar-16-dana-aktivizma-za-2021-godinu","status":"publish","type":"post","link":"https:\/\/www.mladibl.com\/?p=15027","title":{"rendered":"Zajedni\u010dki kalendar 16 dana aktivizma za 2021. godinu"},"content":{"rendered":"\n<p>\u201c16 dana aktivizma protiv nasilja nad \u017eenama\u201d je globalna, svjetska kampanja koju obilje\u017eava vi\u0161e od 1,700 organizacija u preko 100 dr\u017eava sveta.<\/p>\n\n\n\n<p>Kampanja po\u010dinje 25. novembra Me\u0111unarodnim danom borbe protiv nasilja nad \u017eenama i zavr\u0161ava 10. decembra Me\u0111unarodnim danom ljudskih prava, a koristi se kao organizaciona strategija \u0161irom svijeta kao poziv na eliminaciju svih oblika nasilja nad \u017eenama i djevoj\u010dicama.<\/p>\n\n\n\n<p>Kampanja \u201c16 dana\u201d obuhvata va\u017ene me\u0111unarodne datume koja povezuju \u017eene, nasilje i ljudska prava:<\/p>\n\n\n\n<ul class=\"wp-block-list\"><li>25. novembar \u2013 Me\u0111unarodni dan borbe protiv nasilja nad \u017eenama<\/li><li>1. decembar \u2013 Svetski dan borbe protiv AIDS-a<\/li><li>3. decembar \u2013 Me\u0111unarodni dan osoba sa invaliditetima<\/li><li>6. decembar \u2013 Godi\u0161njica Montrealskog masakra<\/li><li>10. decembar \u2013 Me\u0111unarodni dan ljudskih prava<\/li><\/ul>\n\n\n\n<p>Mnogobrojne aktivnosti organizacija civilnog dru\u0161tva BiH koje \u0107e se realizovati tokom kampanje \u201c16 dana aktivizma protiv nasilja nad \u017eenama\u201d mo\u017eete pogledati u <strong><a href=\"http:\/\/hcabl.org\/wp-content\/uploads\/2021\/11\/2021.-Kalendar-aktivnosti-Kampanja-16-dana-aktivizma.pdf\" target=\"_blank\" rel=\"noreferrer noopener\">Zajedni\u010dkom kalendaru 16 dana aktivizma<\/a><\/strong>.<\/p>\n\n\n\n<p>Preuzeto sa: <a href=\"http:\/\/hcabl.org\/zajednicki-kalendar-16-dana-aktivizma-za-2021-godinu\/\" target=\"_blank\" rel=\"noreferrer noopener\">HCA BL<\/a><\/p>\n","protected":false},"excerpt":{"rendered":"<p>\u201c16 dana aktivizma protiv nasilja nad \u017eenama\u201d je globalna, svjetska kampanja koju obilje\u017eava vi\u0161e od 1,700 organizacija u preko 100<\/p>\n","protected":false},"author":1,"featured_media":15005,"comment_status":"closed","ping_status":"open","sticky":false,"template":"","format":"standard","meta":{"om_disable_all_campaigns":false,"_monsterinsights_skip_tracking":false,"_monsterinsights_sitenote_active":false,"_monsterinsights_sitenote_note":"","_monsterinsights_sitenote_category":0,"footnotes":""},"categories":[370],"tags":[7148,2390,2150,7147],"class_list":["post-15027","post","type-post","status-publish","format-standard","has-post-thumbnail","hentry","category-ostalo","tag-16-dana","tag-2021-godina","tag-aktivizam","tag-zajednicki-kalendar"],"jetpack_featured_media_url":"https:\/\/www.mladibl.com\/wp-content\/uploads\/2021\/11\/Zajednicki-kalendar-16-dana-aktivizma-za-2021.-godinu.jpg","amp_enabled":true,"_links":{"self":[{"href":"https:\/\/www.mladibl.com\/index.php?rest_route=\/wp\/v2\/posts\/15027","targetHints":{"allow":["GET"]}}],"collection":[{"href":"https:\/\/www.mladibl.com\/index.php?rest_route=\/wp\/v2\/posts"}],"about":[{"href":"https:\/\/www.mladibl.com\/index.php?rest_route=\/wp\/v2\/types\/post"}],"author":[{"embeddable":true,"href":"https:\/\/www.mladibl.com\/index.php?rest_route=\/wp\/v2\/users\/1"}],"replies":[{"embeddable":true,"href":"https:\/\/www.mladibl.com\/index.php?rest_route=%2Fwp%2Fv2%2Fcomments&post=15027"}],"version-history":[{"count":1,"href":"https:\/\/www.mladibl.com\/index.php?rest_route=\/wp\/v2\/posts\/15027\/revisions"}],"predecessor-version":[{"id":15028,"href":"https:\/\/www.mladibl.com\/index.php?rest_route=\/wp\/v2\/posts\/15027\/revisions\/15028"}],"wp:featuredmedia":[{"embeddable":true,"href":"https:\/\/www.mladibl.com\/index.php?rest_route=\/wp\/v2\/media\/15005"}],"wp:attachment":[{"href":"https:\/\/www.mladibl.com\/index.php?rest_route=%2Fwp%2Fv2%2Fmedia&parent=15027"}],"wp:term":[{"taxonomy":"category","embeddable":true,"href":"https:\/\/www.mladibl.com\/index.php?rest_route=%2Fwp%2Fv2%2Fcategories&post=15027"},{"taxonomy":"post_tag","embeddable":true,"href":"https:\/\/www.mladibl.com\/index.php?rest_route=%2Fwp%2Fv2%2Ftags&post=15027"}],"curies":[{"name":"wp","href":"https:\/\/api.w.org\/{rel}","templated":true}]}}