{"id":1495,"date":"2020-05-22T11:23:39","date_gmt":"2020-05-22T09:23:39","guid":{"rendered":"http:\/\/www.mladibl.com\/?p=1495"},"modified":"2020-05-22T11:23:41","modified_gmt":"2020-05-22T09:23:41","slug":"jezera-na-manjaci-spremna-za-prijem-prvih-posjetilaca","status":"publish","type":"post","link":"https:\/\/www.mladibl.com\/?p=1495","title":{"rendered":"Jezera na Manja\u010di spremna za prijem prvih posjetilaca"},"content":{"rendered":"\n<p>Novi turisti\u010dki kompleks na tzv. jezerima na Manja\u010di bi\u0107e otvoren za posjetioce najvjerovatnije ve\u0107 od 1. juna, nakon \u0161to se okon\u010daju preostali poslovi na ure\u0111enju ovog prostora.<\/p>\n\n\n\n<p>Kako navode iz Centra za razvoj poljoprivrede i sela, u dosada\u0161njem periodu ura\u0111eno je mnogo posla kako bi ovaj turisti\u010dki kompleks zasjao u punom sjaju.<\/p>\n\n\n\n<p>O\u010di\u0161\u0107en je kompletan lokalitet i odvezene su ogromne koli\u010dine otpada koji je nastajao godinama. Iskr\u010deno je staro drve\u0107e i rastinje, te sa obje strane jezera izgra\u0111eno \u0161etali\u0161te u du\u017eini od oko \u010detiri kilometra. Oko jezera je zasa\u0111eno ukrasno drve\u0107e i ure\u0111ene zelene povr\u0161ine. Izgra\u0111ene su tri velika prostora sa nadrstre\u0161nicama sa ro\u0161tiljskim mjestima, a posjetiocima \u0107e na raspolaganju biti i veliki parking za automobile i autobuse \u2013 ka\u017eu u Centru za razvoj poljoprivrede i sela.<\/p>\n\n\n\n<p>Istovremeno, izvr\u0161ena je i analiza kvaliteta vode u jezeru, \u010diji sastav je mikrobakteriolo\u0161ki i hemijski izuzetno dobar, \u0161to je svojevrsna garancija kupa\u010dima i posjetiocima da mogu u\u017eivati u kupanju. Istovremeno, izvr\u0161eno je i poribljavanje jezera amurom i tolstolobikom. Ove vrste ribe su odabrane, jer su \u201e\u010dista\u010di\u201c jezera od trave i korova.<\/p>\n\n\n\n<p>Radovi na ure\u0111enju ovog turisti\u010dkog kompleksa traju ve\u0107 godinu dana, sa ciljem da Banjalu\u010dani dobiju lijepo i ugodno mjestu za odmor i rekreaciju.<\/p>\n\n\n\n<p>Imaju\u0107i u vidu da \u0107emo ove godine prete\u017eno biti oslonjeni na doma\u0107e resurse i doma\u0107i turizam, vjerujemo da \u0107emo ve\u0107 ovog ljeta uspjeti da privu\u010demo veliki broj na\u0161ih sugra\u0111ana. Narednih dana bi\u0107e izgra\u0111ene i recepcije na ulazu, a planiran je i zavr\u0161etak izgradnje dva sanitarna bloka sa toaletima i tu\u0161evima. U me\u0111uvremenu, Turisti\u010dka organizacija trenutno radi na obilje\u017eavanju turisti\u010dke signalizacije \u2013 isti\u010du iz Centra.<\/p>\n\n\n\n<p>Preuzeto sa: <a href=\"http:\/\/www.banjaluka.rs.ba\/%d1%98%d0%b5%d0%b7%d0%b5%d1%80%d0%b0-%d0%bd%d0%b0-%d0%bc%d0%b0%d1%9a%d0%b0%d1%87%d0%b8-%d1%81%d0%bf%d1%80%d0%b5%d0%bc%d0%bd%d0%b0-%d0%b7%d0%b0-%d0%bf%d1%80%d0%b8%d1%98%d0%b5%d0%bc-%d0%bf%d1%80%d0%b2\/\" target=\"_blank\" rel=\"noreferrer noopener\" aria-label=\"Grad Banja Luka (opens in a new tab)\">Grad Banja Luka<\/a><\/p>\n","protected":false},"excerpt":{"rendered":"<p>Novi turisti\u010dki kompleks na tzv. jezerima na Manja\u010di bi\u0107e otvoren za posjetioce najvjerovatnije ve\u0107 od 1. juna, nakon \u0161to se<\/p>\n","protected":false},"author":1,"featured_media":1496,"comment_status":"closed","ping_status":"open","sticky":false,"template":"","format":"standard","meta":{"om_disable_all_campaigns":false,"_monsterinsights_skip_tracking":false,"_monsterinsights_sitenote_active":false,"_monsterinsights_sitenote_note":"","_monsterinsights_sitenote_category":0,"footnotes":""},"categories":[2],"tags":[27,654],"class_list":["post-1495","post","type-post","status-publish","format-standard","has-post-thumbnail","hentry","category-vijesti","tag-grad-banja-luka","tag-jezero-manjaca"],"jetpack_featured_media_url":"https:\/\/www.mladibl.com\/wp-content\/uploads\/2020\/05\/Jezera-na-Manja\u010di-spremna-za-prijem-prvih-posjetilaca.jpg","amp_enabled":true,"_links":{"self":[{"href":"https:\/\/www.mladibl.com\/index.php?rest_route=\/wp\/v2\/posts\/1495","targetHints":{"allow":["GET"]}}],"collection":[{"href":"https:\/\/www.mladibl.com\/index.php?rest_route=\/wp\/v2\/posts"}],"about":[{"href":"https:\/\/www.mladibl.com\/index.php?rest_route=\/wp\/v2\/types\/post"}],"author":[{"embeddable":true,"href":"https:\/\/www.mladibl.com\/index.php?rest_route=\/wp\/v2\/users\/1"}],"replies":[{"embeddable":true,"href":"https:\/\/www.mladibl.com\/index.php?rest_route=%2Fwp%2Fv2%2Fcomments&post=1495"}],"version-history":[{"count":1,"href":"https:\/\/www.mladibl.com\/index.php?rest_route=\/wp\/v2\/posts\/1495\/revisions"}],"predecessor-version":[{"id":1497,"href":"https:\/\/www.mladibl.com\/index.php?rest_route=\/wp\/v2\/posts\/1495\/revisions\/1497"}],"wp:featuredmedia":[{"embeddable":true,"href":"https:\/\/www.mladibl.com\/index.php?rest_route=\/wp\/v2\/media\/1496"}],"wp:attachment":[{"href":"https:\/\/www.mladibl.com\/index.php?rest_route=%2Fwp%2Fv2%2Fmedia&parent=1495"}],"wp:term":[{"taxonomy":"category","embeddable":true,"href":"https:\/\/www.mladibl.com\/index.php?rest_route=%2Fwp%2Fv2%2Fcategories&post=1495"},{"taxonomy":"post_tag","embeddable":true,"href":"https:\/\/www.mladibl.com\/index.php?rest_route=%2Fwp%2Fv2%2Ftags&post=1495"}],"curies":[{"name":"wp","href":"https:\/\/api.w.org\/{rel}","templated":true}]}}