{"id":1488,"date":"2020-05-14T10:20:19","date_gmt":"2020-05-14T08:20:19","guid":{"rendered":"http:\/\/www.mladibl.com\/?p=1488"},"modified":"2020-05-14T10:20:21","modified_gmt":"2020-05-14T08:20:21","slug":"prijavite-se-za-jesenju-akademiju-fondacije-konrad-adenauer","status":"publish","type":"post","link":"https:\/\/www.mladibl.com\/?p=1488","title":{"rendered":"Prijavite se za Jesenju akademiju Fondacije Konrad Adenauer"},"content":{"rendered":"\n<p>Prijavite se za Jesenju akademiju 2020. u Berlinu za 20 studenata\/studentica iz isto\u010dne Evrope i Njema\u010dke! Rok za prijavu je 16. august 2020. godine a akademija \u0107e se odr\u017eavati od 26. do 30. oktobra, u Berlinu.<\/p>\n\n\n\n<p>Deutsche Gesellschaft e. V. organizuje akademiju za sve one koji su se tokom studija, istra\u017eivanja ili usljed li\u010dne zainteresiranosti susreli sa temom \u201eSje\u0107anje oblikuje budu\u0107nost?\u201c Godine 1989\/90 u radu na tematici uloge sje\u0107anja u oblikovanju budu\u0107nosti u Njema\u010dkoj i sjeveroisto\u010dnoj, srednjoisto\u010dnoj i jugoisto\u010dnoj Evropi. Studenti svih disciplina, uklju\u010duju\u0107i i one na doktorskom studiju, mogu se prijaviti putem prijavnog formulara. Putne tro\u0161kove, te tro\u0161kove smje\u0161taja, uklju\u010duju\u0107i doru\u010dak i ve\u010deru, pokriva Deutsche Gesellschaft e. V.<\/p>\n\n\n\n<p>Dodatne informacije prona\u0111ite na  <br><a rel=\"noreferrer noopener\" aria-label=\"https:\/\/www.deutsche-gesellschaft\u2013 ev.de\/veranstaltungen\/konferenzen-tagungen\/1179-herbstakademie-stiftung-2020.html (opens in a new tab)\" href=\"https:\/\/www.deutsche-gesellschaft\u2013 ev.de\/veranstaltungen\/konferenzen-tagungen\/1179-herbstakademie-stiftung-2020.html\" target=\"_blank\">https:\/\/www.deutsche-gesellschaft\u2013 ev.de\/veranstaltungen\/konferenzen-tagungen\/1179-herbstakademie-stiftung-2020.html<\/a><\/p>\n\n\n\n<figure class=\"wp-block-image\"><img loading=\"lazy\" decoding=\"async\" width=\"1024\" height=\"522\" src=\"http:\/\/www.mladibl.com\/wp-content\/uploads\/2020\/05\/Prijavite-se-za-Jesenju-akademiju-Fondacije-Konrad-Adenauer-1024x522.png\" alt=\"\" class=\"wp-image-1489\" srcset=\"https:\/\/www.mladibl.com\/wp-content\/uploads\/2020\/05\/Prijavite-se-za-Jesenju-akademiju-Fondacije-Konrad-Adenauer-1024x522.png 1024w, https:\/\/www.mladibl.com\/wp-content\/uploads\/2020\/05\/Prijavite-se-za-Jesenju-akademiju-Fondacije-Konrad-Adenauer-300x153.png 300w, https:\/\/www.mladibl.com\/wp-content\/uploads\/2020\/05\/Prijavite-se-za-Jesenju-akademiju-Fondacije-Konrad-Adenauer-768x391.png 768w, https:\/\/www.mladibl.com\/wp-content\/uploads\/2020\/05\/Prijavite-se-za-Jesenju-akademiju-Fondacije-Konrad-Adenauer.png 1611w\" sizes=\"auto, (max-width: 1024px) 100vw, 1024px\" \/><\/figure>\n\n\n\n<p>Preuzeto sa: <a href=\"https:\/\/cerk.info\/prijavite-se-za-jesenju-akademiju-fondacije-konrad-adenauer\/\" target=\"_blank\" rel=\"noreferrer noopener\" aria-label=\"CERK (opens in a new tab)\">CERK<\/a><\/p>\n","protected":false},"excerpt":{"rendered":"<p>Prijavite se za Jesenju akademiju 2020. u Berlinu za 20 studenata\/studentica iz isto\u010dne Evrope i Njema\u010dke! Rok za prijavu je<\/p>\n","protected":false},"author":1,"featured_media":1489,"comment_status":"closed","ping_status":"open","sticky":false,"template":"","format":"standard","meta":{"om_disable_all_campaigns":false,"_monsterinsights_skip_tracking":false,"_monsterinsights_sitenote_active":false,"_monsterinsights_sitenote_note":"","_monsterinsights_sitenote_category":0,"footnotes":""},"categories":[6],"tags":[652,651],"class_list":["post-1488","post","type-post","status-publish","format-standard","has-post-thumbnail","hentry","category-dogadjaji","tag-fondacija-konrad-adenauer","tag-jesenja-akademija"],"jetpack_featured_media_url":"https:\/\/www.mladibl.com\/wp-content\/uploads\/2020\/05\/Prijavite-se-za-Jesenju-akademiju-Fondacije-Konrad-Adenauer.png","amp_enabled":true,"_links":{"self":[{"href":"https:\/\/www.mladibl.com\/index.php?rest_route=\/wp\/v2\/posts\/1488","targetHints":{"allow":["GET"]}}],"collection":[{"href":"https:\/\/www.mladibl.com\/index.php?rest_route=\/wp\/v2\/posts"}],"about":[{"href":"https:\/\/www.mladibl.com\/index.php?rest_route=\/wp\/v2\/types\/post"}],"author":[{"embeddable":true,"href":"https:\/\/www.mladibl.com\/index.php?rest_route=\/wp\/v2\/users\/1"}],"replies":[{"embeddable":true,"href":"https:\/\/www.mladibl.com\/index.php?rest_route=%2Fwp%2Fv2%2Fcomments&post=1488"}],"version-history":[{"count":1,"href":"https:\/\/www.mladibl.com\/index.php?rest_route=\/wp\/v2\/posts\/1488\/revisions"}],"predecessor-version":[{"id":1490,"href":"https:\/\/www.mladibl.com\/index.php?rest_route=\/wp\/v2\/posts\/1488\/revisions\/1490"}],"wp:featuredmedia":[{"embeddable":true,"href":"https:\/\/www.mladibl.com\/index.php?rest_route=\/wp\/v2\/media\/1489"}],"wp:attachment":[{"href":"https:\/\/www.mladibl.com\/index.php?rest_route=%2Fwp%2Fv2%2Fmedia&parent=1488"}],"wp:term":[{"taxonomy":"category","embeddable":true,"href":"https:\/\/www.mladibl.com\/index.php?rest_route=%2Fwp%2Fv2%2Fcategories&post=1488"},{"taxonomy":"post_tag","embeddable":true,"href":"https:\/\/www.mladibl.com\/index.php?rest_route=%2Fwp%2Fv2%2Ftags&post=1488"}],"curies":[{"name":"wp","href":"https:\/\/api.w.org\/{rel}","templated":true}]}}