{"id":14712,"date":"2021-11-16T01:04:00","date_gmt":"2021-11-15T23:04:00","guid":{"rendered":"https:\/\/www.mladibl.com\/?p=14712"},"modified":"2021-11-16T00:22:29","modified_gmt":"2021-11-15T22:22:29","slug":"medicinski-fakultet-obiljezio-43-godisnjicu","status":"publish","type":"post","link":"https:\/\/www.mladibl.com\/?p=14712","title":{"rendered":"Medicinski fakultet obilje\u017eio 43. godi\u0161njicu"},"content":{"rendered":"\n<p>Sve\u010danost povodom 43 godine uspje\u0161nog rada i razvoja Medicinskog fakulteta Univerziteta u Banjoj Luci, te promocija 174 diplomaca ove visoko\u0161kolske ustanove odr\u017eana je 15. novembra 2021. godine u Kulturnom centru \u201eBanski dvor\u201c u Banjoj Luci.<\/p>\n\n\n\n<p>Tako je na ovom doga\u0111aju promovisano 90 diplomiranih doktora medicine, 30 doktora stomatologije, 39 magistara farmacije i 15 diplomiranih medicinara zdravstvene njege.<\/p>\n\n\n\n<p>Rektor Univerziteta u Banjoj Luci prof. dr Radoslav Gajanin rekao je da Medicinski fakultet iz godine u godinu napreduje u svakom pogledu.<\/p>\n\n\n\n<p>\u201eBroj studenata koji studira na Medicinskom fakultetu u posljednje \u010detiri godine pove\u0107ao se za 1.000, \u0161to je za svaku pohvalu. Broj publikovanih radova u me\u0111unarodnim referentnim \u010dasopisima se pove\u0107ao za gotovo 100 odsto. Kada posmatramo sve aspekte, Medicinski fakultet je jedna od najzna\u010dajnijih \u010dlanica Univerziteta\u201c, rekao je rektor Gajanin.<\/p>\n\n\n\n<p>Dekan Medicinskog fakulteta UNIBL prof. dr Ranko \u0160krbi\u0107 istakao je da Republika Srpska ima svijetlu budu\u0107nost kad je rije\u010d o medicinskom kadru.<\/p>\n\n\n\n<p>\u201eDanas su 174 mlada \u010dovjeka u prilici da prime diplomu Medicinskog fakulteta i mnogi su ve\u0107 na\u0161li svoj anga\u017eman u zdravstvenim ustanovama u Republici Srpskoj\u2019\u2019, kazao je dekan i naglasio da je interesovanje svr\u0161enih srednjo\u0161kolaca za Medicinski fakultet tradicionalno veliko.<\/p>\n\n\n\n<p>Ministar zdravlja i socijalne za\u0161tite Republike Srpske Alen \u0160erani\u0107 \u010destitao je studentima, njihovim roditeljima i profesorima, isti\u010du\u0107i da je potreban ogroman trud da bi se zavr\u0161io ovaj fakultet.<\/p>\n\n\n\n<p>\u201eZahvalio bih i ovim mladim ljudima \u0161to su se kroz Savez studenata Medicinskog fakulteta prvi uklju\u010dili u javnu promociju vakcinacije protiv virusa korona. Oni su shvatili bit na\u0161e borbe tokom pandemije, a to je medicina zasnovana na dokazima\u201c, poru\u010dio je \u0160erani\u0107.<\/p>\n\n\n\n<p>Diplomi je danas dobio i mladi Stefan Kremenovi\u0107, koji isti\u010de da je iza njega mnogo rada i truda.<\/p>\n\n\n\n<p>\u201eUpisao sam tre\u0107i ciklus biomedicinskih studija, a konkretno me interesuje ginekologija, u kojoj \u017eelim dalje da se usavr\u0161avam\u201c, naveo je on.<\/p>\n\n\n\n<p>Tokom sve\u010danosti, pored diploma, dodijeljene su i zlatne zna\u010dke najboljim studentima na studijskim programima.<\/p>\n\n\n\n<p>Tako\u0111e, Medicinski fakultet je povodom 43 godine rada dodijelio nagrade nastavnicima i saradnicima za doprinos u nau\u010dno-istra\u017eiva\u010dkom radu.<\/p>\n\n\n\n<p>Doga\u0111aju su prisustvovali i prorektor za me\u0111unarodnu i me\u0111uuniverzitetsku saradnju Univerziteta prof. dr Biljana Antunovi\u0107, prorektor za nastavu i studentska pitanja prof. dr Strain Posavljak, te prorektor za ljudske i materijalne resurse prof. dr Dalibor Kesi\u0107.<\/p>\n\n\n\n<p>Medicinski fakultet je osnovan 17. marta 1978. godine na inicijativu Univerziteta u Banjoj Luci, sa ciljem da obrazuje stru\u010dnjake sa visokom stru\u010dnom spremom i stru\u010dnim nazivom doktor medicine. Prvo predavanje budu\u0107im doktorima medicine je odr\u017eano 15. novembra 1978. godine.<\/p>\n\n\n\n<p>Pored integrisanih studijskih programa: Medicina, Dentalna medicina i Farmacija, nastava se izvodi i na studijskim programima zdravstvenog usmjerenja: Babi\u0161tvo, Fizioterapija, Radiolo\u0161ka tehnologija, Sestrinstvo, Sanitarno in\u017eenjerstvo i Medicinsko-laboratorijska dijagnostika. Fakultet nastavu izvodi na sva tri ciklusa studija.<\/p>\n\n\n\n<p>Preuzeto sa: <a href=\"https:\/\/unibl.org\/sr-lat\/vesti\/2021\/11\/medicinski-fakultet-obiljezio-43-godisnjicu\" target=\"_blank\" rel=\"noreferrer noopener\">Univerzitet u Banjoj Luci<\/a><\/p>\n","protected":false},"excerpt":{"rendered":"<p>Sve\u010danost povodom 43 godine uspje\u0161nog rada i razvoja Medicinskog fakulteta Univerziteta u Banjoj Luci, te promocija 174 diplomaca ove visoko\u0161kolske<\/p>\n","protected":false},"author":1,"featured_media":14703,"comment_status":"closed","ping_status":"open","sticky":false,"template":"","format":"standard","meta":{"om_disable_all_campaigns":false,"_monsterinsights_skip_tracking":false,"_monsterinsights_sitenote_active":false,"_monsterinsights_sitenote_note":"","_monsterinsights_sitenote_category":0,"footnotes":""},"categories":[2],"tags":[7029,1959,74],"class_list":["post-14712","post","type-post","status-publish","format-standard","has-post-thumbnail","hentry","category-vijesti","tag-43-godisnjica","tag-medicinski-fakultet","tag-univerzitet-u-banjoj-luci"],"jetpack_featured_media_url":"https:\/\/www.mladibl.com\/wp-content\/uploads\/2021\/11\/Medicinski-fakultet-obiljezio-43.-godisnjicu.jpg","amp_enabled":true,"_links":{"self":[{"href":"https:\/\/www.mladibl.com\/index.php?rest_route=\/wp\/v2\/posts\/14712","targetHints":{"allow":["GET"]}}],"collection":[{"href":"https:\/\/www.mladibl.com\/index.php?rest_route=\/wp\/v2\/posts"}],"about":[{"href":"https:\/\/www.mladibl.com\/index.php?rest_route=\/wp\/v2\/types\/post"}],"author":[{"embeddable":true,"href":"https:\/\/www.mladibl.com\/index.php?rest_route=\/wp\/v2\/users\/1"}],"replies":[{"embeddable":true,"href":"https:\/\/www.mladibl.com\/index.php?rest_route=%2Fwp%2Fv2%2Fcomments&post=14712"}],"version-history":[{"count":1,"href":"https:\/\/www.mladibl.com\/index.php?rest_route=\/wp\/v2\/posts\/14712\/revisions"}],"predecessor-version":[{"id":14713,"href":"https:\/\/www.mladibl.com\/index.php?rest_route=\/wp\/v2\/posts\/14712\/revisions\/14713"}],"wp:featuredmedia":[{"embeddable":true,"href":"https:\/\/www.mladibl.com\/index.php?rest_route=\/wp\/v2\/media\/14703"}],"wp:attachment":[{"href":"https:\/\/www.mladibl.com\/index.php?rest_route=%2Fwp%2Fv2%2Fmedia&parent=14712"}],"wp:term":[{"taxonomy":"category","embeddable":true,"href":"https:\/\/www.mladibl.com\/index.php?rest_route=%2Fwp%2Fv2%2Fcategories&post=14712"},{"taxonomy":"post_tag","embeddable":true,"href":"https:\/\/www.mladibl.com\/index.php?rest_route=%2Fwp%2Fv2%2Ftags&post=14712"}],"curies":[{"name":"wp","href":"https:\/\/api.w.org\/{rel}","templated":true}]}}