{"id":14710,"date":"2021-11-16T01:03:00","date_gmt":"2021-11-15T23:03:00","guid":{"rendered":"https:\/\/www.mladibl.com\/?p=14710"},"modified":"2021-11-16T00:20:34","modified_gmt":"2021-11-15T22:20:34","slug":"medunarodni-dan-srednjoskolaca-i-studenata-gradonacelnik-ce-razgovarati-sa-mladima","status":"publish","type":"post","link":"https:\/\/www.mladibl.com\/?p=14710","title":{"rendered":"Me\u0111unarodni dan srednjo\u0161kolaca i studenata: Gradona\u010delnik \u0107e razgovarati sa mladima"},"content":{"rendered":"\n<p>Povodom obilje\u017eavanja Me\u0111unarodnog dana srednjo\u0161kolaca i studenata \u2013 17. novembra gradona\u010delnik Dra\u0161ko Stanivukovi\u0107 dru\u017ei\u0107e se i razgovarati sa mladima u Banjoj Luci.<\/p>\n\n\n\n<p>Imaju\u0107i u vidu zna\u010daj mladih za dru\u0161tvo, gradona\u010delnik \u0107e sa ovom grupom razgovarati o svim aktuelnim temama, koje su zna\u010dajne za mlade i njihovu budu\u0107nost na ovim prostorima.<\/p>\n\n\n\n<p>Pod sloganom \u201eBudi i ti dio budu\u0107nosti\u201c razgovoru i dru\u017eenju sa gradona\u010delnikom mogu se pridru\u017eiti mladi i studenti iz svih gradova i op\u0161tina Republike Srpske starosti od 18 do 30 godina.<\/p>\n\n\n\n<p>Ina\u010de, Me\u0111unarodni dan srednjo\u0161kolaca i studenata \u2013 17. novembar obilje\u017eava se u znak sje\u0107anja na studentske proteste u Pragu, tokom kojih su 1939. godine mladi ljudi protestvovali protiv nacisti\u010dke okupacije, nakon \u010dega su streljani bez ikakvog su\u0111enja.<\/p>\n\n\n\n<p>Mladi ljudi \u2013 zainteresovani da daju doprinos promjenama u dru\u0161tvu, mogu u\u010destovati na ovom dru\u017eenju koje \u0107e biti odr\u017eano u hotelu Jelena, u srijedu 17. novembra od 19.00 \u010dasova.<\/p>\n\n\n\n<p>Preuzeto sa: <a href=\"https:\/\/www.banjaluka.rs.ba\/medjunarodni-dan-srednjoskolaca-i-studenata-gradonacelnik-ce-razgovarati-sa-mladima\/\" target=\"_blank\" rel=\"noreferrer noopener\">Grad Banja Luka<\/a><\/p>\n","protected":false},"excerpt":{"rendered":"<p>Povodom obilje\u017eavanja Me\u0111unarodnog dana srednjo\u0161kolaca i studenata \u2013 17. novembra gradona\u010delnik Dra\u0161ko Stanivukovi\u0107 dru\u017ei\u0107e se i razgovarati sa mladima u<\/p>\n","protected":false},"author":1,"featured_media":14704,"comment_status":"closed","ping_status":"open","sticky":false,"template":"","format":"standard","meta":{"om_disable_all_campaigns":false,"_monsterinsights_skip_tracking":false,"_monsterinsights_sitenote_active":false,"_monsterinsights_sitenote_note":"","_monsterinsights_sitenote_category":0,"footnotes":""},"categories":[2],"tags":[53,1146,1600,33,1362,61,62],"class_list":["post-14710","post","type-post","status-publish","format-standard","has-post-thumbnail","hentry","category-vijesti","tag-banja-luka","tag-gradonacelnik","tag-medunarodni-dan","tag-mladi","tag-razgovor","tag-srednjoskolci","tag-studenti"],"jetpack_featured_media_url":"https:\/\/www.mladibl.com\/wp-content\/uploads\/2021\/11\/Medunarodni-dan-srednjoskolaca-i-studenata_-Gradonacelnik-ce-razgovarati-sa-mladima.jpg","amp_enabled":true,"_links":{"self":[{"href":"https:\/\/www.mladibl.com\/index.php?rest_route=\/wp\/v2\/posts\/14710","targetHints":{"allow":["GET"]}}],"collection":[{"href":"https:\/\/www.mladibl.com\/index.php?rest_route=\/wp\/v2\/posts"}],"about":[{"href":"https:\/\/www.mladibl.com\/index.php?rest_route=\/wp\/v2\/types\/post"}],"author":[{"embeddable":true,"href":"https:\/\/www.mladibl.com\/index.php?rest_route=\/wp\/v2\/users\/1"}],"replies":[{"embeddable":true,"href":"https:\/\/www.mladibl.com\/index.php?rest_route=%2Fwp%2Fv2%2Fcomments&post=14710"}],"version-history":[{"count":1,"href":"https:\/\/www.mladibl.com\/index.php?rest_route=\/wp\/v2\/posts\/14710\/revisions"}],"predecessor-version":[{"id":14711,"href":"https:\/\/www.mladibl.com\/index.php?rest_route=\/wp\/v2\/posts\/14710\/revisions\/14711"}],"wp:featuredmedia":[{"embeddable":true,"href":"https:\/\/www.mladibl.com\/index.php?rest_route=\/wp\/v2\/media\/14704"}],"wp:attachment":[{"href":"https:\/\/www.mladibl.com\/index.php?rest_route=%2Fwp%2Fv2%2Fmedia&parent=14710"}],"wp:term":[{"taxonomy":"category","embeddable":true,"href":"https:\/\/www.mladibl.com\/index.php?rest_route=%2Fwp%2Fv2%2Fcategories&post=14710"},{"taxonomy":"post_tag","embeddable":true,"href":"https:\/\/www.mladibl.com\/index.php?rest_route=%2Fwp%2Fv2%2Ftags&post=14710"}],"curies":[{"name":"wp","href":"https:\/\/api.w.org\/{rel}","templated":true}]}}