{"id":14585,"date":"2021-11-12T10:00:32","date_gmt":"2021-11-12T08:00:32","guid":{"rendered":"https:\/\/www.mladibl.com\/?p=14585"},"modified":"2021-11-12T10:00:34","modified_gmt":"2021-11-12T08:00:34","slug":"petar-graso-i-ana-bekuta-na-doceku-nove-godine-u-banjoj-luci","status":"publish","type":"post","link":"https:\/\/www.mladibl.com\/?p=14585","title":{"rendered":"Petar Gra\u0161o i Ana Bekuta na do\u010deku Nove godine u Banjoj Luci"},"content":{"rendered":"\n<p>Dvije velike regionalne zvijezde, Petar Gra\u0161o i Ana Bekuta nastupi\u0107e u Banjoj Luci povodom obilje\u017eavanja Me\u0111unarodne nove godine.<\/p>\n\n\n\n<p>Dva velika koncerta, koja \u0107e biti odr\u017eana u centru grada, poklon je svim sugra\u0111anima, ali i svim turistima koji rado borave u Banjoj Luci, posebno u toku novogodi\u0161njih praznika.<\/p>\n\n\n\n<p>Tako su u planu dvije koncertne ve\u010deri, koje se odr\u017eavaju na dan proslave Me\u0111unarodne nove godine, 31.12.2021. te prvog dana Nove godine 01.01.2022. godine, a koje \u0107e zasigurno u Banju Luku privu\u0107i veliki broj turista iz zemalja okru\u017eenja, kao \u0161to je to i bio slu\u010daj u prethodnim godinama.<\/p>\n\n\n\n<p>Namjera Grada Banje Luke kao organizatora jeste da svim sugra\u0111anima ponudi \u0161to bolji, atraktivniji i kvalitetniji program koji bi samim tim i doprinio ve\u0107oj posjeti turista iz zemalja regiona, te iz inostranstva.<\/p>\n\n\n\n<p>Upravo zbog toga je odlu\u010deno da jedne ve\u010deri bude uprili\u010den cjelove\u010dernji koncert zabavne muzike, a druge ve\u010deri program narodne muzike.<\/p>\n\n\n\n<p>Tako\u0111e, pored navedenih izvo\u0111a\u010da, u dijelu muzi\u010dkog programa, u\u010destvova\u0107e i umjetnici i izvo\u0111a\u010di iz Banje Luke.<\/p>\n\n\n\n<p>Na taj na\u010din bi se podr\u017eala i promovisala i doma\u0107a muzi\u010dka scena.<\/p>\n\n\n\n<p>Naime, Organizacioni odbor za obilje\u017eavanje novogodi\u0161njih praznika u Banjoj Luci \u2013 \u201eBanjalu\u010dka zima 2021\/2022\u201c usvojio je koncept obilje\u017eavanja novogodi\u0161njih praznika koji se sastoji od \u010detiri doga\u0111aja:<\/p>\n\n\n\n<p>-Dje\u010dija nova godina,<\/p>\n\n\n\n<p>-koncert povodom Me\u0111unarodne nove godine 31.12.2021,<\/p>\n\n\n\n<p>-koncert u Novoj godini 01.01.2022. i<\/p>\n\n\n\n<p>-obilje\u017eavanje Pravoslavne nove godine.<\/p>\n\n\n\n<p>Dodajemo da Grad Banja Luka, u koordinaciji sa JZU \u201eDom zdravlja\u201c u Banjoj Luci aktivno prati i u\u010destvuje u procjenjivanju stanja u vezi sa epidemiolo\u0161kom situacijom u \u010ditavom gradu.<\/p>\n\n\n\n<p>Podsje\u0107amo da Grad, zbog ograni\u010denih finansijskih sredstava i dalje traga za donatorima, koji bi pomogli da ovaj doga\u0111aj bude na zavidnom, regionalnom nivou.<\/p>\n\n\n\n<p>Preuzeto sa: <a href=\"https:\/\/www.banjaluka.rs.ba\/petar-graso-i-ana-bekuta-na-doceku-nove-godine-u-banjoj-luci\/\" target=\"_blank\" rel=\"noreferrer noopener\">Grad Banja Luka<\/a><\/p>\n","protected":false},"excerpt":{"rendered":"<p>Dvije velike regionalne zvijezde, Petar Gra\u0161o i Ana Bekuta nastupi\u0107e u Banjoj Luci povodom obilje\u017eavanja Me\u0111unarodne nove godine. Dva velika<\/p>\n","protected":false},"author":1,"featured_media":14596,"comment_status":"closed","ping_status":"open","sticky":false,"template":"","format":"standard","meta":{"om_disable_all_campaigns":false,"_monsterinsights_skip_tracking":false,"_monsterinsights_sitenote_active":false,"_monsterinsights_sitenote_note":"","_monsterinsights_sitenote_category":0,"footnotes":""},"categories":[2],"tags":[6983,53,6981,6982],"class_list":["post-14585","post","type-post","status-publish","format-standard","has-post-thumbnail","hentry","category-vijesti","tag-ana-bekuta","tag-banja-luka","tag-docek-nove-godine","tag-petar-graso"],"jetpack_featured_media_url":"https:\/\/www.mladibl.com\/wp-content\/uploads\/2021\/11\/Petar-Graso-i-Ana-Bekuta-na-doceku-Nove-godine-u-Banjoj-Luci.jpg","amp_enabled":true,"_links":{"self":[{"href":"https:\/\/www.mladibl.com\/index.php?rest_route=\/wp\/v2\/posts\/14585","targetHints":{"allow":["GET"]}}],"collection":[{"href":"https:\/\/www.mladibl.com\/index.php?rest_route=\/wp\/v2\/posts"}],"about":[{"href":"https:\/\/www.mladibl.com\/index.php?rest_route=\/wp\/v2\/types\/post"}],"author":[{"embeddable":true,"href":"https:\/\/www.mladibl.com\/index.php?rest_route=\/wp\/v2\/users\/1"}],"replies":[{"embeddable":true,"href":"https:\/\/www.mladibl.com\/index.php?rest_route=%2Fwp%2Fv2%2Fcomments&post=14585"}],"version-history":[{"count":1,"href":"https:\/\/www.mladibl.com\/index.php?rest_route=\/wp\/v2\/posts\/14585\/revisions"}],"predecessor-version":[{"id":14597,"href":"https:\/\/www.mladibl.com\/index.php?rest_route=\/wp\/v2\/posts\/14585\/revisions\/14597"}],"wp:featuredmedia":[{"embeddable":true,"href":"https:\/\/www.mladibl.com\/index.php?rest_route=\/wp\/v2\/media\/14596"}],"wp:attachment":[{"href":"https:\/\/www.mladibl.com\/index.php?rest_route=%2Fwp%2Fv2%2Fmedia&parent=14585"}],"wp:term":[{"taxonomy":"category","embeddable":true,"href":"https:\/\/www.mladibl.com\/index.php?rest_route=%2Fwp%2Fv2%2Fcategories&post=14585"},{"taxonomy":"post_tag","embeddable":true,"href":"https:\/\/www.mladibl.com\/index.php?rest_route=%2Fwp%2Fv2%2Ftags&post=14585"}],"curies":[{"name":"wp","href":"https:\/\/api.w.org\/{rel}","templated":true}]}}