{"id":14582,"date":"2021-11-12T08:50:28","date_gmt":"2021-11-12T06:50:28","guid":{"rendered":"https:\/\/www.mladibl.com\/?p=14582"},"modified":"2021-11-12T08:50:29","modified_gmt":"2021-11-12T06:50:29","slug":"javna-rasprava-o-nacrtu-rebalansa-budzeta-sa-gradanima-12-novembra-u-domu-omladine","status":"publish","type":"post","link":"https:\/\/www.mladibl.com\/?p=14582","title":{"rendered":"Javna rasprava: O Nacrtu rebalansa bud\u017eeta sa gra\u0111anima 12. novembra u Domu omladine"},"content":{"rendered":"\n<p>Javna rasprava o Nacrtu rebalansa bud\u017eeta Grada za 2021. godinu bi\u0107e odr\u017eana 12. novembra, u 18.00 \u010dasova, u Domu omladine.<\/p>\n\n\n\n<p>Svi zainteresovani ima\u0107e priliku da i na ovaj na\u010din iska\u017eu svoje prijedloge i primjedbe na ovaj dokument.<\/p>\n\n\n\n<p>Podsje\u0107amo, Nacrt rebalansa usvojen je u iznosu od 166.6 miliona KM i upu\u0107en je na javnu raspravi koja traje do 18. novembra 2021. godine.<\/p>\n\n\n\n<p>Primjedbe, sugestije i prijedlozi mogu se dostaviti elektronski putem i-mejl adrese: <strong><a href=\"mailto:primjedbe@banjaluka.rs.ba\" target=\"_blank\" rel=\"noreferrer noopener\">primjedbe@banjaluka.rs.ba<\/a><\/strong>, kao i po\u0161tom na adresu: Gradska uprava Grada Banja Luka, Trg srpskih vladara br. 1, sa naznakom: Odjeljenje za finansije.<\/p>\n\n\n\n<p>Tabelarni pregled Nacrta rebalansa bud\u017eeta Grada za 2021. godinu pogledajte <strong><a href=\"https:\/\/www.banjaluka.rs.ba\/wp-content\/uploads\/2021\/11\/FINAL_Tabelarni-pregledREB_2021_SG.pdf\" target=\"_blank\" rel=\"noreferrer noopener\">OVDJE<\/a><\/strong>, a tekstualni dio uz Nacrt pogledajte <strong><a href=\"https:\/\/www.banjaluka.rs.ba\/wp-content\/uploads\/2021\/11\/6_TEKST-UZ-NACRT.pdf\" target=\"_blank\" rel=\"noreferrer noopener\">OVDJE<\/a><\/strong>.<\/p>\n\n\n\n<p>Preuzeto sa: <a href=\"https:\/\/www.banjaluka.rs.ba\/o-nacrtu-rebalansa-budzeta-sa-gradjanima-12-novembra-u-domu-omladine\/\" target=\"_blank\" rel=\"noreferrer noopener\">Grad Banja Luka<\/a><\/p>\n","protected":false},"excerpt":{"rendered":"<p>Javna rasprava o Nacrtu rebalansa bud\u017eeta Grada za 2021. godinu bi\u0107e odr\u017eana 12. novembra, u 18.00 \u010dasova, u Domu omladine.<\/p>\n","protected":false},"author":1,"featured_media":14583,"comment_status":"closed","ping_status":"open","sticky":false,"template":"","format":"standard","meta":{"om_disable_all_campaigns":false,"_monsterinsights_skip_tracking":false,"_monsterinsights_sitenote_active":false,"_monsterinsights_sitenote_note":"","_monsterinsights_sitenote_category":0,"footnotes":""},"categories":[2],"tags":[53,21,3381,6980],"class_list":["post-14582","post","type-post","status-publish","format-standard","has-post-thumbnail","hentry","category-vijesti","tag-banja-luka","tag-dom-omladine","tag-javna-rasprava","tag-nacrt-rebalansa-budzeta"],"jetpack_featured_media_url":"https:\/\/www.mladibl.com\/wp-content\/uploads\/2021\/11\/Banja-Luka-grad.jpg","amp_enabled":true,"_links":{"self":[{"href":"https:\/\/www.mladibl.com\/index.php?rest_route=\/wp\/v2\/posts\/14582","targetHints":{"allow":["GET"]}}],"collection":[{"href":"https:\/\/www.mladibl.com\/index.php?rest_route=\/wp\/v2\/posts"}],"about":[{"href":"https:\/\/www.mladibl.com\/index.php?rest_route=\/wp\/v2\/types\/post"}],"author":[{"embeddable":true,"href":"https:\/\/www.mladibl.com\/index.php?rest_route=\/wp\/v2\/users\/1"}],"replies":[{"embeddable":true,"href":"https:\/\/www.mladibl.com\/index.php?rest_route=%2Fwp%2Fv2%2Fcomments&post=14582"}],"version-history":[{"count":1,"href":"https:\/\/www.mladibl.com\/index.php?rest_route=\/wp\/v2\/posts\/14582\/revisions"}],"predecessor-version":[{"id":14584,"href":"https:\/\/www.mladibl.com\/index.php?rest_route=\/wp\/v2\/posts\/14582\/revisions\/14584"}],"wp:featuredmedia":[{"embeddable":true,"href":"https:\/\/www.mladibl.com\/index.php?rest_route=\/wp\/v2\/media\/14583"}],"wp:attachment":[{"href":"https:\/\/www.mladibl.com\/index.php?rest_route=%2Fwp%2Fv2%2Fmedia&parent=14582"}],"wp:term":[{"taxonomy":"category","embeddable":true,"href":"https:\/\/www.mladibl.com\/index.php?rest_route=%2Fwp%2Fv2%2Fcategories&post=14582"},{"taxonomy":"post_tag","embeddable":true,"href":"https:\/\/www.mladibl.com\/index.php?rest_route=%2Fwp%2Fv2%2Ftags&post=14582"}],"curies":[{"name":"wp","href":"https:\/\/api.w.org\/{rel}","templated":true}]}}