{"id":14580,"date":"2021-11-11T08:34:47","date_gmt":"2021-11-11T06:34:47","guid":{"rendered":"https:\/\/www.mladibl.com\/?p=14580"},"modified":"2021-11-11T08:34:48","modified_gmt":"2021-11-11T06:34:48","slug":"milos-bikovic-rad-na-sebi-je-put-ka-uspehu","status":"publish","type":"post","link":"https:\/\/www.mladibl.com\/?p=14580","title":{"rendered":"Milo\u0161 Bikovi\u0107: &#8220;Rad na sebi je put ka uspehu&#8221;"},"content":{"rendered":"\n<p><strong>Pripremili: Slaven Petkovi\u0107 i Milo\u0161 Blagojevi\u0107<\/strong><\/p>\n\n\n\n<p>Povodom premijere filma \u201cJu\u017eni vetar: Ubrzanje\u201d koja je odr\u017eana ju\u010de u CineStaru u Delta Planet Banja Luka, ekipa na\u0161eg portala imala je priliku kratko razgovarati sa glavnim glumcem ovog filma. Pogledajmo \u0161ta nam je Milo\u0161 Bikovi\u0107 poru\u010dio?<\/p>\n\n\n\n<p><strong>Vjerujemo da \u0107e mnogo mladih pogledati ovaj film, poput prvog dijela. \u0160ta biste rekli svakoj mladoj osobi prije gledanja ovog filma?<\/strong><\/p>\n\n\n\n<p>Povedite drugare.<\/p>\n\n\n\n<p><strong>Kao uspje\u0161ni glumac, da li ima potencijala za mlade glumce\/ice da uspiju na na\u0161im prostorima u novom i br\u017eem svijetu?<\/strong><\/p>\n\n\n\n<p>Ima. Sada se mnogo snima kod nas i mislim da je ekspanzija sadr\u017eaja, i da \u0107e ekspanzija sadr\u017eaja i taj kvantitet poroditi kvalitet. Evo sada se desilo da smo imali dva mega hita u jednoj godini, a ranije smo ih \u010dekali po 5-10 godina. Zamislite kada bi svake godine imali &#8220;Tomu&#8221; i &#8220;Ju\u017eni vetar&#8221;. Mislim da je to fantasti\u010dno, to je takav blagoslov za na\u0161u kinematografiju i za na\u0161u kulturu. Tako da mislim da ima. Naravno da ima i do individualnog rada svakoga pojedina\u010dno.<\/p>\n\n\n\n<p><strong>Kakvi su vam planovi dalje, snimanje u Srbiji, Rusiji, planirate li negdje drugdje snimati, npr Amerika ili neka druga tr\u017ei\u0161ta?<\/strong><\/p>\n\n\n\n<p>Nije nemogu\u0107e da se to desi, ali ja nemam trenutno u svom planu da odem u Los An\u0111eles i da sedim tamo i \u010dekam da me neko pozove i da se upoznam sa agentima. Radije bih stvarao ne\u0161to u Srbiji, radije bih pravio i u\u010destvovao u tome, jer mislim da imamo u svojoj istoriji i svojoj kulturi toliko neispri\u010danih pri\u010da i takvu potrebu da pri\u010damo pri\u010de da bismo razumeli sami sebe, kao \u0161to to ka\u017ee Andri\u0107 u svom govoru kada je dobio Nobelovu nagradu, pre nego da ostvarujem neke svoje ambicije da napolju snimam ne\u0161to. Pogotovo zato \u0161to mnogo projekata sada u tome \u0161to mi sada nazivamo Holywood, \u0161to vi\u0161e nije Holywood nego zapadna produkcija, jer se Holywood decentralizovao, mnogo tih pri\u010da su izgubile fokus i smisao, i postale su isklju\u010divo zabava. Nemam ni\u0161ta protiv toga, treba i takvi projekti da postoje koji su isklju\u010divo zabava, ali ja ne bih \u017eeleo da u\u010destvujem sam u takvim projektima.<\/p>\n\n\n\n<p><strong>Sa kojom svjetskom filmskom zvijezdom biste voleli snimati? Imate li neki od neostvarenih snova?<\/strong><\/p>\n\n\n\n<p>Otvoren sam prema tome, ali nije mi to fokus. Nemam takvih snova, uglavnom mi se ostvaruju oni snovi koje nisam ni sanjao.<\/p>\n\n\n\n<p><strong>Najpla\u0107eniji ste mladi glumac, sigurno jedan od najpla\u0107enijih, uspje\u0161ni ste i popularni. \u0160ta je sve bilo potrebno da uradite da vi ste do\u0161li do ovoga, \u0161ta je recept?<\/strong><\/p>\n\n\n\n<p>Posve\u0107enost, \u017eelja i rad na sebi, iskrenost prema sebi. Jednostavno odbijam da priznam sebi neke kvalitete kako bi ih stalno jurio i usavr\u0161avao.<\/p>\n\n\n\n<p><strong>Uzor ste velikom broju mladih, kakvu poruku biste poslali mladima?<\/strong><\/p>\n\n\n\n<p>Ne mislim da sam ja taj sad koji bi ne\u0161to trebao da poru\u010dujem mladim ljudima, kao da sam ja sad do\u0161ao na neki Olimp sa koga ima \u0161ta da poru\u010dim. Ali ako bih morao, rekao bih da je rad na sebi put ka uspehu.<\/p>\n","protected":false},"excerpt":{"rendered":"<p>Pripremili: Slaven Petkovi\u0107 i Milo\u0161 Blagojevi\u0107 Povodom premijere filma \u201cJu\u017eni vetar: Ubrzanje\u201d koja je odr\u017eana ju\u010de u CineStaru u Delta<\/p>\n","protected":false},"author":1,"featured_media":14575,"comment_status":"closed","ping_status":"open","sticky":false,"template":"","format":"standard","meta":{"om_disable_all_campaigns":false,"_monsterinsights_skip_tracking":false,"_monsterinsights_sitenote_active":false,"_monsterinsights_sitenote_note":"","_monsterinsights_sitenote_category":0,"footnotes":""},"categories":[17],"tags":[3078,6977,6978,6979,4355,4507],"class_list":["post-14580","post","type-post","status-publish","format-standard","has-post-thumbnail","hentry","category-intervju","tag-intervju","tag-juzni-vetar-2","tag-milos-bikovic","tag-rad-na-sebi","tag-ubrzanje","tag-uspjeh"],"jetpack_featured_media_url":"https:\/\/www.mladibl.com\/wp-content\/uploads\/2021\/11\/Juzni-Vetar-2_-Ubrzanje-2021_-Moglo-je-brze-ali-blizu-je-1.jpg","amp_enabled":true,"_links":{"self":[{"href":"https:\/\/www.mladibl.com\/index.php?rest_route=\/wp\/v2\/posts\/14580","targetHints":{"allow":["GET"]}}],"collection":[{"href":"https:\/\/www.mladibl.com\/index.php?rest_route=\/wp\/v2\/posts"}],"about":[{"href":"https:\/\/www.mladibl.com\/index.php?rest_route=\/wp\/v2\/types\/post"}],"author":[{"embeddable":true,"href":"https:\/\/www.mladibl.com\/index.php?rest_route=\/wp\/v2\/users\/1"}],"replies":[{"embeddable":true,"href":"https:\/\/www.mladibl.com\/index.php?rest_route=%2Fwp%2Fv2%2Fcomments&post=14580"}],"version-history":[{"count":1,"href":"https:\/\/www.mladibl.com\/index.php?rest_route=\/wp\/v2\/posts\/14580\/revisions"}],"predecessor-version":[{"id":14581,"href":"https:\/\/www.mladibl.com\/index.php?rest_route=\/wp\/v2\/posts\/14580\/revisions\/14581"}],"wp:featuredmedia":[{"embeddable":true,"href":"https:\/\/www.mladibl.com\/index.php?rest_route=\/wp\/v2\/media\/14575"}],"wp:attachment":[{"href":"https:\/\/www.mladibl.com\/index.php?rest_route=%2Fwp%2Fv2%2Fmedia&parent=14580"}],"wp:term":[{"taxonomy":"category","embeddable":true,"href":"https:\/\/www.mladibl.com\/index.php?rest_route=%2Fwp%2Fv2%2Fcategories&post=14580"},{"taxonomy":"post_tag","embeddable":true,"href":"https:\/\/www.mladibl.com\/index.php?rest_route=%2Fwp%2Fv2%2Ftags&post=14580"}],"curies":[{"name":"wp","href":"https:\/\/api.w.org\/{rel}","templated":true}]}}