{"id":14500,"date":"2021-11-09T09:40:59","date_gmt":"2021-11-09T07:40:59","guid":{"rendered":"https:\/\/www.mladibl.com\/?p=14500"},"modified":"2021-11-09T09:41:00","modified_gmt":"2021-11-09T07:41:00","slug":"dani-slovenske-mitologije-i-mitoloskih-bica","status":"publish","type":"post","link":"https:\/\/www.mladibl.com\/?p=14500","title":{"rendered":"Dani Slovenske mitologije i mitolo\u0161kih bi\u0107a"},"content":{"rendered":"\n<p>\u201ePo nekim spomenima iz najstarijih vremena Sloveni su va\u017eili za pjesni\u010dki narod\u201c<\/p>\n\n\n\n<p>Na\u0161a Domestika zajednica vodi vas na magijsko putovanje kroz dva interesantna predavanja koja \u0107e govoriti o slovenskoj mitologiji, pojmu, obi\u010dajima, zemljoradnji, prirodi, vjerovanjima, \u017eivotu, legendama i pri\u010dama Starih Slovena. Kroz ovo putovanje \u0107e nas voditi pripovjeda\u010d Toni Petkovi\u0107, koji \u0107e svoja saznanja i istra\u017eivanja tokom svih svojih istra\u017eiva\u010dkih godina nesebi\u010dno podijeliti sa nama. Predavanja \u0107e se organizovati u dva dana, u Domu omladine i na na\u0161em Domestica imanju u Krnetama u Lakta\u0161ima.<\/p>\n\n\n\n<p>RASPORED ODR\u017dAVANJA PREDAVANJA:<\/p>\n\n\n\n<ul class=\"wp-block-list\"><li>Petak, 12. novembar 2021. godine, Banja Luka, Dom omladine od 19.00h<\/li><li>Subota, 13. novembra 2021. godine, Domestica imanje, selo Krnete, Aleksandrovac, Lakta\u0161i od 11.00h. Uz ovo predavanje organizova\u0107e se i \u0161etnja Domestica imanjem i Farm Party na kome \u0107e biti obezbje\u0111en prikladan obrok za sve posjetioce.<\/li><\/ul>\n\n\n\n<p>Pridru\u017eite nam se na ovom putovanju u istorijsku pro\u0161lost i saznajte vi\u0161e o slovenskim mitolo\u0161kim bo\u017eanstvima koja upravljaju prirodom i ljudima, u kakvoj su sprezi zemljoradnja i mitologija, smjena godi\u0161njih doba i razna vjerovanja, da li \u017eivotinje imaju karakter mitskog pretka, o mjestu boravka mitske zmije \u2013 Zmaja i jo\u0161 mnogo zanimljivih informacija.<\/p>\n\n\n\n<p>Prijavu za u\u010de\u0161\u0107e na Danima slovenske mitologije mo\u017eete popuniti na sljede\u0107em linku: <strong><a href=\"https:\/\/forms.gle\/ZJD9TFqE3ZPSs1cX7\" target=\"_blank\" rel=\"noreferrer noopener\">https:\/\/forms.gle\/ZJD9TFqE3ZPSs1cX7<\/a><\/strong><\/p>\n\n\n\n<p>O PREDAVA\u010cU I VODITELJU NA RADIONICAMA<\/p>\n\n\n\n<p>TONI PETKOVI\u0106 je pripovjeda\u010d slovenske mitologije koji \u0107e nas voditi kroz ove dvije radionice . Ro\u0111en je u malom gradu Vare\u0161u kod Sarajeva gdje je zavr\u0161io osnovnu i srednju \u0161kolu, studirao je u Novom Sadu.<\/p>\n\n\n\n<p>Porodi\u010dna arhiva koja je Toniju dopala u naslje\u0111e dijelom se sastojala i od starih spisa u kojima se govorilo o slovenskoj mitologiji. Desetak godina Toni je poku\u0161avao istima dati smisleno obja\u0161njenje uz pomo\u0107 drugih nau\u010dnika sa prostora slovenskih zemalja. Uspio je izvr\u0161iti djelomi\u010dnu rekonstrukciju kalendarske promjene godi\u0161njih doba temeljem djelovanja Zmaja, oslonjenu na prikupljene legende i toponimiju. Dio tih spoznaja arhiviran je u vi\u0161e nau\u010dnih instituta ( Austrija-Be\u010d, Slovenija, Hrvatska), a Toni je i danas uva\u017eeni saradnik ovih instituta.<\/p>\n\n\n\n<p>Ilustracija: Aleksandar Lazarevi\u0107, preuzeto iz knjige Slovenska mitologija, Nenad Gaji\u0107<\/p>\n\n\n\n<p>Preuzeto sa: <a href=\"https:\/\/www.facebook.com\/418659771886860\/posts\/1396544694098358\/\" target=\"_blank\" rel=\"noreferrer noopener\">Facebook Domestica<\/a><\/p>\n","protected":false},"excerpt":{"rendered":"<p>\u201ePo nekim spomenima iz najstarijih vremena Sloveni su va\u017eili za pjesni\u010dki narod\u201c Na\u0161a Domestika zajednica vodi vas na magijsko putovanje<\/p>\n","protected":false},"author":1,"featured_media":14476,"comment_status":"closed","ping_status":"open","sticky":false,"template":"","format":"standard","meta":{"om_disable_all_campaigns":false,"_monsterinsights_skip_tracking":false,"_monsterinsights_sitenote_active":false,"_monsterinsights_sitenote_note":"","_monsterinsights_sitenote_category":0,"footnotes":""},"categories":[6],"tags":[6948,6947,6946],"class_list":["post-14500","post","type-post","status-publish","format-standard","has-post-thumbnail","hentry","category-dogadjaji","tag-domestika","tag-mitoloska-bica","tag-slovenska-mitologija"],"jetpack_featured_media_url":"https:\/\/www.mladibl.com\/wp-content\/uploads\/2021\/11\/DANI-SLOVENSKE-MITOLOGIJE-I-MITOLOSKIH-PRICA.jpg","amp_enabled":true,"_links":{"self":[{"href":"https:\/\/www.mladibl.com\/index.php?rest_route=\/wp\/v2\/posts\/14500","targetHints":{"allow":["GET"]}}],"collection":[{"href":"https:\/\/www.mladibl.com\/index.php?rest_route=\/wp\/v2\/posts"}],"about":[{"href":"https:\/\/www.mladibl.com\/index.php?rest_route=\/wp\/v2\/types\/post"}],"author":[{"embeddable":true,"href":"https:\/\/www.mladibl.com\/index.php?rest_route=\/wp\/v2\/users\/1"}],"replies":[{"embeddable":true,"href":"https:\/\/www.mladibl.com\/index.php?rest_route=%2Fwp%2Fv2%2Fcomments&post=14500"}],"version-history":[{"count":1,"href":"https:\/\/www.mladibl.com\/index.php?rest_route=\/wp\/v2\/posts\/14500\/revisions"}],"predecessor-version":[{"id":14501,"href":"https:\/\/www.mladibl.com\/index.php?rest_route=\/wp\/v2\/posts\/14500\/revisions\/14501"}],"wp:featuredmedia":[{"embeddable":true,"href":"https:\/\/www.mladibl.com\/index.php?rest_route=\/wp\/v2\/media\/14476"}],"wp:attachment":[{"href":"https:\/\/www.mladibl.com\/index.php?rest_route=%2Fwp%2Fv2%2Fmedia&parent=14500"}],"wp:term":[{"taxonomy":"category","embeddable":true,"href":"https:\/\/www.mladibl.com\/index.php?rest_route=%2Fwp%2Fv2%2Fcategories&post=14500"},{"taxonomy":"post_tag","embeddable":true,"href":"https:\/\/www.mladibl.com\/index.php?rest_route=%2Fwp%2Fv2%2Ftags&post=14500"}],"curies":[{"name":"wp","href":"https:\/\/api.w.org\/{rel}","templated":true}]}}