{"id":14498,"date":"2021-11-09T09:38:29","date_gmt":"2021-11-09T07:38:29","guid":{"rendered":"https:\/\/www.mladibl.com\/?p=14498"},"modified":"2021-11-09T09:38:30","modified_gmt":"2021-11-09T07:38:30","slug":"panel-diskusija-buducnost-mladih-u-bosni-i-hercegovini","status":"publish","type":"post","link":"https:\/\/www.mladibl.com\/?p=14498","title":{"rendered":"Panel diskusija: Budu\u0107nost mladih u Bosni i Hercegovini"},"content":{"rendered":"\n<p>\u0160ta? Pratite predstavljanje izvje\u0161taja o emigraciji mladih osoba iz BiH, i panel diskusiju: \u201cBudu\u0107nost mladih u Bosni i Hercegovini\u201d.<\/p>\n\n\n\n<p>Kada? 17. novembra od 11:00h<\/p>\n\n\n\n<p>Gdje? U\u017eivo na #FBLive, ili Zoom Webinar<\/p>\n\n\n\n<p>Link za registraciju: <strong><a href=\"https:\/\/bit.ly\/3jXl9Ld\" target=\"_blank\" rel=\"noreferrer noopener\">https:\/\/bit.ly\/3jXl9Ld<\/a><\/strong><\/p>\n\n\n\n<p>Na panelu razgovaramo o demografskim trendovima, njihovim pokreta\u010dima i odrednicama, kao i o potrebi za izradom sveobuhvatnih politika za mlade u BiH koje bi doprinijele ja\u010danju ljudskog kapitala, zapo\u0161ljavanju mladih osoba te samim tim i smanjenju aspiracija mladih da emigriraju.<\/p>\n\n\n\n<p>U\u010desnici panel diskusije:<\/p>\n\n\n\n<ul class=\"wp-block-list\"><li>John Kennedy Mosoti, predstavnik UNFPA u BiH<\/li><li>Nj.E. Matt Field, ambasador Velike Britanije u BiH<\/li><li>Andrea Soldo, proMente<\/li><li>Asja Dizdarevi\u0107, Vije\u0107e mladih Federacije BiH<\/li><li>Ognjen Vukojevi\u0107, Omladinski savjet Republike Srpske<\/li><li>Harun \u0160abanovi\u0107, Vije\u0107e\/savjet mladih Br\u010dko Distrikta BiH<\/li><\/ul>\n\n\n\n<p>Moderatorica diskusije: Una Bejtovi\u0107<\/p>\n\n\n\n<p>Preuzeto sa: <a href=\"https:\/\/www.hocu.ba\/indexphp\/hocupriliku\/panel-diskusija-buducnost-mladih-u-bosni-i-hercegovini\/\" target=\"_blank\" rel=\"noreferrer noopener\">hocu.ba<\/a><\/p>\n","protected":false},"excerpt":{"rendered":"<p>\u0160ta? Pratite predstavljanje izvje\u0161taja o emigraciji mladih osoba iz BiH, i panel diskusiju: \u201cBudu\u0107nost mladih u Bosni i Hercegovini\u201d. Kada?<\/p>\n","protected":false},"author":1,"featured_media":14477,"comment_status":"closed","ping_status":"open","sticky":false,"template":"","format":"standard","meta":{"om_disable_all_campaigns":false,"_monsterinsights_skip_tracking":false,"_monsterinsights_sitenote_active":false,"_monsterinsights_sitenote_note":"","_monsterinsights_sitenote_category":0,"footnotes":""},"categories":[6],"tags":[512,6945,676],"class_list":["post-14498","post","type-post","status-publish","format-standard","has-post-thumbnail","hentry","category-dogadjaji","tag-bih","tag-buducnost-mladih","tag-panel-diskusija"],"jetpack_featured_media_url":"https:\/\/www.mladibl.com\/wp-content\/uploads\/2021\/11\/Panel-diskusija_-Buducnost-mladih-u-Bosni-i-Hercegovini.jpg","amp_enabled":true,"_links":{"self":[{"href":"https:\/\/www.mladibl.com\/index.php?rest_route=\/wp\/v2\/posts\/14498","targetHints":{"allow":["GET"]}}],"collection":[{"href":"https:\/\/www.mladibl.com\/index.php?rest_route=\/wp\/v2\/posts"}],"about":[{"href":"https:\/\/www.mladibl.com\/index.php?rest_route=\/wp\/v2\/types\/post"}],"author":[{"embeddable":true,"href":"https:\/\/www.mladibl.com\/index.php?rest_route=\/wp\/v2\/users\/1"}],"replies":[{"embeddable":true,"href":"https:\/\/www.mladibl.com\/index.php?rest_route=%2Fwp%2Fv2%2Fcomments&post=14498"}],"version-history":[{"count":1,"href":"https:\/\/www.mladibl.com\/index.php?rest_route=\/wp\/v2\/posts\/14498\/revisions"}],"predecessor-version":[{"id":14499,"href":"https:\/\/www.mladibl.com\/index.php?rest_route=\/wp\/v2\/posts\/14498\/revisions\/14499"}],"wp:featuredmedia":[{"embeddable":true,"href":"https:\/\/www.mladibl.com\/index.php?rest_route=\/wp\/v2\/media\/14477"}],"wp:attachment":[{"href":"https:\/\/www.mladibl.com\/index.php?rest_route=%2Fwp%2Fv2%2Fmedia&parent=14498"}],"wp:term":[{"taxonomy":"category","embeddable":true,"href":"https:\/\/www.mladibl.com\/index.php?rest_route=%2Fwp%2Fv2%2Fcategories&post=14498"},{"taxonomy":"post_tag","embeddable":true,"href":"https:\/\/www.mladibl.com\/index.php?rest_route=%2Fwp%2Fv2%2Ftags&post=14498"}],"curies":[{"name":"wp","href":"https:\/\/api.w.org\/{rel}","templated":true}]}}