{"id":14360,"date":"2021-11-04T02:04:35","date_gmt":"2021-11-04T00:04:35","guid":{"rendered":"https:\/\/www.mladibl.com\/?p=14360"},"modified":"2021-11-04T02:04:36","modified_gmt":"2021-11-04T00:04:36","slug":"proglasena-je-rijec-godine-medu-mladima","status":"publish","type":"post","link":"https:\/\/www.mladibl.com\/?p=14360","title":{"rendered":"Progla\u0161ena je rije\u010d godine me\u0111u mladima!"},"content":{"rendered":"\n<p>Od 2020. godine mladi mogu glasati za rije\u010d godine na stranici izdava\u010dke ku\u0107e Langenscheidt, a unato\u010d pandemiji rije\u010d godine nije povezana s njom.<\/p>\n\n\n\n<p>Interesantno, rije\u010d godine me\u0111u mladima u Njema\u010dkoj nema nikakve veze s pandemijom ili koronavirusom Kako prenosi Fenix magazin, rije\u010d godine je <strong>cringe<\/strong>, izraz koji ozna\u010dava ne\u0161to sramotno ili neugodno.<\/p>\n\n\n\n<p>Istra\u017eivanje je provela izdava\u010dka ku\u0107a Langensheidt, a u njemu je sudjelovalo 1,2 milijuna mladih. Od njih je \u010dak 42 posto izabralo \u201ecringe\u201d kao rije\u010d koju naj\u010de\u0161\u0107e koriste.<\/p>\n\n\n\n<p>Nakon nje, slijede \u201esus\u201d sa 32 posto glasova i \u201esheesh\u201d sa 26 posto. \u201eSus\u201d je referenca na popularnu videoigru Among us te izra\u017eava sumnju, a \u201esheesh\u201d internetski meme kojim se izra\u017eava \u010du\u0111enje ili uzbu\u0111enje.<\/p>\n\n\n\n<p>Pro\u0161le godine su u istom istra\u017eivanju mladi izabrali rije\u010d \u201elost\u201d, kojom izra\u017eavaju osje\u0107aj nesigurnosti i izgubljenosti tijekom turbulentnih vremena u kojima se nalaze.<\/p>\n\n\n\n<p><em>\/studentski.hr\/<\/em><\/p>\n\n\n\n<p>Preuzeto sa: <a href=\"https:\/\/www.hocu.ba\/indexphp\/hocuinfo\/proglasena-je-rijec-godine-medju-mladima\/\" target=\"_blank\" rel=\"noreferrer noopener\">hocu.ba<\/a><\/p>\n","protected":false},"excerpt":{"rendered":"<p>Od 2020. godine mladi mogu glasati za rije\u010d godine na stranici izdava\u010dke ku\u0107e Langenscheidt, a unato\u010d pandemiji rije\u010d godine nije<\/p>\n","protected":false},"author":1,"featured_media":14329,"comment_status":"closed","ping_status":"open","sticky":false,"template":"","format":"standard","meta":{"om_disable_all_campaigns":false,"_monsterinsights_skip_tracking":false,"_monsterinsights_sitenote_active":false,"_monsterinsights_sitenote_note":"","_monsterinsights_sitenote_category":0,"footnotes":""},"categories":[370],"tags":[6881,33,2294],"class_list":["post-14360","post","type-post","status-publish","format-standard","has-post-thumbnail","hentry","category-ostalo","tag-cringe","tag-mladi","tag-rijec-godine"],"jetpack_featured_media_url":"https:\/\/www.mladibl.com\/wp-content\/uploads\/2021\/11\/Proglasena-je-rijec-godine-medu-mladima.jpg","amp_enabled":true,"_links":{"self":[{"href":"https:\/\/www.mladibl.com\/index.php?rest_route=\/wp\/v2\/posts\/14360","targetHints":{"allow":["GET"]}}],"collection":[{"href":"https:\/\/www.mladibl.com\/index.php?rest_route=\/wp\/v2\/posts"}],"about":[{"href":"https:\/\/www.mladibl.com\/index.php?rest_route=\/wp\/v2\/types\/post"}],"author":[{"embeddable":true,"href":"https:\/\/www.mladibl.com\/index.php?rest_route=\/wp\/v2\/users\/1"}],"replies":[{"embeddable":true,"href":"https:\/\/www.mladibl.com\/index.php?rest_route=%2Fwp%2Fv2%2Fcomments&post=14360"}],"version-history":[{"count":1,"href":"https:\/\/www.mladibl.com\/index.php?rest_route=\/wp\/v2\/posts\/14360\/revisions"}],"predecessor-version":[{"id":14361,"href":"https:\/\/www.mladibl.com\/index.php?rest_route=\/wp\/v2\/posts\/14360\/revisions\/14361"}],"wp:featuredmedia":[{"embeddable":true,"href":"https:\/\/www.mladibl.com\/index.php?rest_route=\/wp\/v2\/media\/14329"}],"wp:attachment":[{"href":"https:\/\/www.mladibl.com\/index.php?rest_route=%2Fwp%2Fv2%2Fmedia&parent=14360"}],"wp:term":[{"taxonomy":"category","embeddable":true,"href":"https:\/\/www.mladibl.com\/index.php?rest_route=%2Fwp%2Fv2%2Fcategories&post=14360"},{"taxonomy":"post_tag","embeddable":true,"href":"https:\/\/www.mladibl.com\/index.php?rest_route=%2Fwp%2Fv2%2Ftags&post=14360"}],"curies":[{"name":"wp","href":"https:\/\/api.w.org\/{rel}","templated":true}]}}