{"id":14266,"date":"2021-11-02T09:33:01","date_gmt":"2021-11-02T07:33:01","guid":{"rendered":"https:\/\/www.mladibl.com\/?p=14266"},"modified":"2021-11-02T09:33:02","modified_gmt":"2021-11-02T07:33:02","slug":"vece-amaterskog-filma-3-novembra-u-banskom-dvoru","status":"publish","type":"post","link":"https:\/\/www.mladibl.com\/?p=14266","title":{"rendered":"\u201eVe\u010de amaterskog filma\u201c 3. novembra u Banskom dvoru"},"content":{"rendered":"\n<p>Udru\u017eenje gra\u0111ana Filmski klub \u201eOsmica\u201c, Arhiv Republike Srpske, Udru\u017eenje arhivskih radnika Republike Srpske i Kinoteka Republike Srpske, u saradnji sa JU Banski dvor \u2013 Kulturni centar, organizova\u0107e u srijedu, 3. novembra 2021. godine, u Vije\u0107nici i Malom izlo\u017ebenom salonu Banskog dvora \u201eVe\u010de amaterskog filma\u201c.<\/p>\n\n\n\n<p>U Vije\u0107nici, sa po\u010detkom u 19.00 \u010dasova, bi\u0107e uprili\u010dena promocija knjige \u201eAmaterski film u Banjaluci\u201c, banjalu\u010dkog publiciste i kino-amatera Gorana Bara\u0107a. Tom prilikom, osim autora, govori\u0107e Bojan Stojni\u0107, direktor Arhiva RS, Zoran Peja\u0161inovi\u0107, recenzent knjige, i Snje\u017ean Lalovi\u0107, direktor Kinoteke RS.<\/p>\n\n\n\n<p>Pola sata kasnije, u istom prostoru, planirano je premijerno prikazivanje restaurisanog 8-mm amaterskog filma \u201eBanjaluka u ratu 1941-1945.\u201c, banjalu\u010dkog kino-amatera Aleksandra Bojke (1896-1969).<\/p>\n\n\n\n<p>-Ovu fascinantnu ratnu hroniku okupirane Banjaluke, koja je danas u vlasni\u0161tvu Arhiva RS, restaurisao je u prvoj polovini ove godine Goran Bara\u0107, a potom je digitalizovana u Full HD formatu u specijalizovanoj laboratoriji \u201eSkrin\u0161ot\u201c u Berlinu \u2013 saop\u0161tili su iz Filmskog kluba \u201eOsimca\u201c.<\/p>\n\n\n\n<p>U Malom izlo\u017ebenom salonu, u 20.00 \u010dasova, bi\u0107e otvorena izlo\u017eba \u201eKino-amaterizam u Banjaluci\u201c, autora Gorana Bara\u0107a, koju \u0107e zainteresovani mo\u0107i pogledati do 10. novembra 2021. godine.<\/p>\n\n\n\n<p>Izdavanje knjige \u201eAmaterski film u Banjaluci\u201c finansijski su pomogli Grad Banja Luka, Ministarstvo prosvjete i kulture Republike Srpske i \u201eElektroprivreda Republike Srpske\u201c, dok je pokrovitelj izlo\u017ebe \u201eKino-amaterizam u Banjaluci\u201c Grad Banja Luka.<\/p>\n\n\n\n<p>U nastavku plakat i jedan od panoa na izlo\u017ebi posve\u0107enoj istoriji kino-amaterizma u Banjoj Luci (izvor: Filmski klub \u201eOsmica\u201c)\u2026<\/p>\n\n\n\n<figure class=\"wp-block-image size-large\"><img decoding=\"async\" src=\"https:\/\/www.banjaluka.rs.ba\/wp-content\/uploads\/2021\/11\/Vece-amaterskog-filma-2021_plakat.jpg\" alt=\"\"\/><\/figure>\n\n\n\n<figure class=\"wp-block-image size-large\"><img decoding=\"async\" src=\"https:\/\/www.banjaluka.rs.ba\/wp-content\/uploads\/2021\/11\/Vece-amaterskog-filma-2021_pano.jpg\" alt=\"\"\/><\/figure>\n\n\n\n<p>Preuzeto sa: <a href=\"https:\/\/www.banjaluka.rs.ba\/vece-amaterskog-filma-u-banskom-dvoru-3-novembra-u-banskom-dvoru\/\" target=\"_blank\" rel=\"noreferrer noopener\">Grad Banja Luka<\/a><\/p>\n","protected":false},"excerpt":{"rendered":"<p>Udru\u017eenje gra\u0111ana Filmski klub \u201eOsmica\u201c, Arhiv Republike Srpske, Udru\u017eenje arhivskih radnika Republike Srpske i Kinoteka Republike Srpske, u saradnji sa<\/p>\n","protected":false},"author":1,"featured_media":14263,"comment_status":"closed","ping_status":"open","sticky":false,"template":"","format":"standard","meta":{"om_disable_all_campaigns":false,"_monsterinsights_skip_tracking":false,"_monsterinsights_sitenote_active":false,"_monsterinsights_sitenote_note":"","_monsterinsights_sitenote_category":0,"footnotes":""},"categories":[2],"tags":[53,881,6843],"class_list":["post-14266","post","type-post","status-publish","format-standard","has-post-thumbnail","hentry","category-vijesti","tag-banja-luka","tag-banski-dvor","tag-vece-amaterskog-filma"],"jetpack_featured_media_url":"https:\/\/www.mladibl.com\/wp-content\/uploads\/2021\/11\/\u201eVece-amaterskog-filma-3.-novembra-u-Banskom-dvoru.jpg","amp_enabled":true,"_links":{"self":[{"href":"https:\/\/www.mladibl.com\/index.php?rest_route=\/wp\/v2\/posts\/14266","targetHints":{"allow":["GET"]}}],"collection":[{"href":"https:\/\/www.mladibl.com\/index.php?rest_route=\/wp\/v2\/posts"}],"about":[{"href":"https:\/\/www.mladibl.com\/index.php?rest_route=\/wp\/v2\/types\/post"}],"author":[{"embeddable":true,"href":"https:\/\/www.mladibl.com\/index.php?rest_route=\/wp\/v2\/users\/1"}],"replies":[{"embeddable":true,"href":"https:\/\/www.mladibl.com\/index.php?rest_route=%2Fwp%2Fv2%2Fcomments&post=14266"}],"version-history":[{"count":1,"href":"https:\/\/www.mladibl.com\/index.php?rest_route=\/wp\/v2\/posts\/14266\/revisions"}],"predecessor-version":[{"id":14267,"href":"https:\/\/www.mladibl.com\/index.php?rest_route=\/wp\/v2\/posts\/14266\/revisions\/14267"}],"wp:featuredmedia":[{"embeddable":true,"href":"https:\/\/www.mladibl.com\/index.php?rest_route=\/wp\/v2\/media\/14263"}],"wp:attachment":[{"href":"https:\/\/www.mladibl.com\/index.php?rest_route=%2Fwp%2Fv2%2Fmedia&parent=14266"}],"wp:term":[{"taxonomy":"category","embeddable":true,"href":"https:\/\/www.mladibl.com\/index.php?rest_route=%2Fwp%2Fv2%2Fcategories&post=14266"},{"taxonomy":"post_tag","embeddable":true,"href":"https:\/\/www.mladibl.com\/index.php?rest_route=%2Fwp%2Fv2%2Ftags&post=14266"}],"curies":[{"name":"wp","href":"https:\/\/api.w.org\/{rel}","templated":true}]}}