{"id":14143,"date":"2021-10-29T01:01:00","date_gmt":"2021-10-28T23:01:00","guid":{"rendered":"https:\/\/www.mladibl.com\/?p=14143"},"modified":"2021-10-28T20:53:10","modified_gmt":"2021-10-28T18:53:10","slug":"gurmanski-dani-ispred-krajiske-kuce","status":"publish","type":"post","link":"https:\/\/www.mladibl.com\/?p=14143","title":{"rendered":"Gurmanski dani ispred Kraji\u0161ke ku\u0107e"},"content":{"rendered":"\n<p>Doma\u0107i poljoprivredni proizvo\u0111a\u010di sa podru\u010dja kraji\u0161ke regije predstavi\u0107e svoje proizvode u okviru manifestacije \u201eGurmanski dani\u201c, koji \u0107e biti odr\u017eani 29. oktobra ispred Kraji\u0161ke ku\u0107e.<\/p>\n\n\n\n<p>U sklopu manifestacije, svi posjetioci ima\u0107e priliku da doma\u0107e proizvode degustiraju i da ih kupe po sajamskim cijenama.<\/p>\n\n\n\n<p>Tako \u0107e se na \u0161tandovima ovom prilikom na\u0107i doma\u0107i suhomesnati proizvodi, sirevi i ostale mlije\u010dne prera\u0111evine, te rakije, vina, pivo i mno\u0161tvo drugih autenti\u010dnih poljoprivrednih proizvoda.<\/p>\n\n\n\n<p>-Cilj organizovanja ove manifestacije je pru\u017eanje podr\u0161ke doma\u0107im poljoprivrednim proizvo\u0111a\u010dima, a u cilju promovisanja i plasiranja njihovih prera\u0111evina, kao i podizanja svijesti gra\u0111ana o zna\u010daju kori\u0161tenja doma\u0107ih i zdravih proizvoda \u2013 navedeno je u saop\u0161tenju Cetnra za razvoj poljoprivrede i sela, koji je i organizator ove manifestacije.<\/p>\n\n\n\n<p>U okviru iste, bi\u0107e promovisane i doma\u0107e delicije i doma\u0107a pi\u0107a koja \u0107e gra\u0111anima Banja Luke i svim posjetiocima predstaviti poljoprivredni proizvo\u0111a\u010di sa podru\u010dja kraji\u0161ke regije.<\/p>\n\n\n\n<p>Manifestacija \u201eGurmanski dani\u201c bi\u0107e odr\u017eana u terminu od 12.00 do 17.00 \u010dasova.<\/p>\n\n\n\n<p>Preuzeto sa: <a href=\"https:\/\/www.banjaluka.rs.ba\/gurmanski-dani-ispred-krajiske-kuce\/\" target=\"_blank\" rel=\"noreferrer noopener\">Grad Banja Luka<\/a><\/p>\n","protected":false},"excerpt":{"rendered":"<p>Doma\u0107i poljoprivredni proizvo\u0111a\u010di sa podru\u010dja kraji\u0161ke regije predstavi\u0107e svoje proizvode u okviru manifestacije \u201eGurmanski dani\u201c, koji \u0107e biti odr\u017eani 29.<\/p>\n","protected":false},"author":1,"featured_media":14155,"comment_status":"closed","ping_status":"open","sticky":false,"template":"","format":"standard","meta":{"om_disable_all_campaigns":false,"_monsterinsights_skip_tracking":false,"_monsterinsights_sitenote_active":false,"_monsterinsights_sitenote_note":"","_monsterinsights_sitenote_category":0,"footnotes":""},"categories":[2],"tags":[53,6800,553],"class_list":["post-14143","post","type-post","status-publish","format-standard","has-post-thumbnail","hentry","category-vijesti","tag-banja-luka","tag-gurmanski-dani","tag-krajiska-kuca"],"jetpack_featured_media_url":"https:\/\/www.mladibl.com\/wp-content\/uploads\/2021\/10\/Gurmanski-dani-ispred-Krajiske-kuce.jpg","amp_enabled":true,"_links":{"self":[{"href":"https:\/\/www.mladibl.com\/index.php?rest_route=\/wp\/v2\/posts\/14143","targetHints":{"allow":["GET"]}}],"collection":[{"href":"https:\/\/www.mladibl.com\/index.php?rest_route=\/wp\/v2\/posts"}],"about":[{"href":"https:\/\/www.mladibl.com\/index.php?rest_route=\/wp\/v2\/types\/post"}],"author":[{"embeddable":true,"href":"https:\/\/www.mladibl.com\/index.php?rest_route=\/wp\/v2\/users\/1"}],"replies":[{"embeddable":true,"href":"https:\/\/www.mladibl.com\/index.php?rest_route=%2Fwp%2Fv2%2Fcomments&post=14143"}],"version-history":[{"count":1,"href":"https:\/\/www.mladibl.com\/index.php?rest_route=\/wp\/v2\/posts\/14143\/revisions"}],"predecessor-version":[{"id":14156,"href":"https:\/\/www.mladibl.com\/index.php?rest_route=\/wp\/v2\/posts\/14143\/revisions\/14156"}],"wp:featuredmedia":[{"embeddable":true,"href":"https:\/\/www.mladibl.com\/index.php?rest_route=\/wp\/v2\/media\/14155"}],"wp:attachment":[{"href":"https:\/\/www.mladibl.com\/index.php?rest_route=%2Fwp%2Fv2%2Fmedia&parent=14143"}],"wp:term":[{"taxonomy":"category","embeddable":true,"href":"https:\/\/www.mladibl.com\/index.php?rest_route=%2Fwp%2Fv2%2Fcategories&post=14143"},{"taxonomy":"post_tag","embeddable":true,"href":"https:\/\/www.mladibl.com\/index.php?rest_route=%2Fwp%2Fv2%2Ftags&post=14143"}],"curies":[{"name":"wp","href":"https:\/\/api.w.org\/{rel}","templated":true}]}}