{"id":14124,"date":"2021-10-28T01:06:00","date_gmt":"2021-10-27T23:06:00","guid":{"rendered":"https:\/\/www.mladibl.com\/?p=14124"},"modified":"2021-10-27T23:42:45","modified_gmt":"2021-10-27T21:42:45","slug":"poziv-za-eksperte-medunarodna-konferencija-za-mlade","status":"publish","type":"post","link":"https:\/\/www.mladibl.com\/?p=14124","title":{"rendered":"Poziv za eksperte \u2013 Me\u0111unarodna konferencija za mlade"},"content":{"rendered":"\n<p>PRONI Centar za omladinski razvoj zajedno sa partnerima UG Ne\u0161to Vi\u0161e implementiraju projekat: \u201cProgram zadr\u017eavanja mladih u BiH \u2013 Op\u0161ta mobilizacija\u201d, koji finansira Evropska unija.<\/p>\n\n\n\n<p>U sklopu projekta organizujemo Me\u0111unarodnu ekspertsku konferenciju za mlade koja je planirana da se odr\u017ei u Banjoj Luci od 14. \u2013 17.12.2021. a planira da okupi eksperte na teme omladinskih politika, zapo\u0161ljavanja i visokog obrazovanja iz vi\u0161e sektora kao \u0161to su privrednici, omladinske organizacije, vije\u0107a mladih, me\u0111unarodne organizacije, medije, institucije itd.<\/p>\n\n\n\n<p>Pozivamo sve zainteresovane eksperte da se prijave i da predstave primjer dobre prakse u oblastima omladinskih politika, zapo\u0161ljavanja ili visokog obrazovanja.<\/p>\n\n\n\n<p>Konferencija \u0107e se fokusirati na temu ostanka mladih ljudi u BiH. Lo\u0161i demografski trendovi, lo\u0161i trendovi nataliteta, opadanje zaposlenosti mladih, nekonkurentni sistem srednjeg i univerzitetskog obrazovanja i drugi parametri dovoljni su da poka\u017eu da bi trebali raspravljati o slu\u017ebenim brojkama koje ne idu u prilog budu\u0107em ekonomskom planiranju i trendovima.<\/p>\n\n\n\n<p>Konferencija je osmi\u0161ljena tako da se na osnovu dvodnevnog doga\u0111aja bavi svim temama obrazovanja i zapo\u0161ljavanja mladih kao klju\u010dnim parametrima odlaska mladih. Interaktivnost, studija slu\u010daja i drugi alati bit \u0107e za\u0161titni znak konferencije me\u0111unarodnih i doma\u0107ih panelista. Mre\u017ea mladih eksperata iz projekta \u0107e tako\u0111e u\u010destvovati na konferenciji kao panelisti i moderatori u odre\u0111enim tematskim oblastima.<\/p>\n\n\n\n<p>Prijave su dostupne putem <strong><a href=\"https:\/\/docs.google.com\/forms\/d\/e\/1FAIpQLSfz9MJ28tt5M2dC2g2BdfewITvI99FBVUb8EjcVCQ9i33jBvw\/viewform\" target=\"_blank\" rel=\"noreferrer noopener\">ovog linka<\/a><\/strong>.<\/p>\n\n\n\n<p>Ukoliko imate dodatnih pitanja mo\u017eete se obratiti putem <strong><a href=\"mailto:info@proni.ba\" target=\"_blank\" rel=\"noreferrer noopener\">info@proni.ba<\/a><\/strong><\/p>\n\n\n\n<p>Preuzeto sa: <a href=\"https:\/\/www.proni.ba\/2021\/10\/25\/poziv-za-eksperte-medunarodna-konferencija-za-mlade\/\" target=\"_blank\" rel=\"noreferrer noopener\">proni.ba<\/a><\/p>\n","protected":false},"excerpt":{"rendered":"<p>PRONI Centar za omladinski razvoj zajedno sa partnerima UG Ne\u0161to Vi\u0161e implementiraju projekat: \u201cProgram zadr\u017eavanja mladih u BiH \u2013 Op\u0161ta<\/p>\n","protected":false},"author":1,"featured_media":14109,"comment_status":"closed","ping_status":"open","sticky":false,"template":"","format":"standard","meta":{"om_disable_all_campaigns":false,"_monsterinsights_skip_tracking":false,"_monsterinsights_sitenote_active":false,"_monsterinsights_sitenote_note":"","_monsterinsights_sitenote_category":0,"footnotes":""},"categories":[370],"tags":[2312,33,6792],"class_list":["post-14124","post","type-post","status-publish","format-standard","has-post-thumbnail","hentry","category-ostalo","tag-medunarodna","tag-mladi","tag-poziv-za-eksperte"],"jetpack_featured_media_url":"https:\/\/www.mladibl.com\/wp-content\/uploads\/2021\/10\/Poziv-za-eksperte-\u2013-Medunarodna-konferencija-za-mlade.jpg","amp_enabled":true,"_links":{"self":[{"href":"https:\/\/www.mladibl.com\/index.php?rest_route=\/wp\/v2\/posts\/14124","targetHints":{"allow":["GET"]}}],"collection":[{"href":"https:\/\/www.mladibl.com\/index.php?rest_route=\/wp\/v2\/posts"}],"about":[{"href":"https:\/\/www.mladibl.com\/index.php?rest_route=\/wp\/v2\/types\/post"}],"author":[{"embeddable":true,"href":"https:\/\/www.mladibl.com\/index.php?rest_route=\/wp\/v2\/users\/1"}],"replies":[{"embeddable":true,"href":"https:\/\/www.mladibl.com\/index.php?rest_route=%2Fwp%2Fv2%2Fcomments&post=14124"}],"version-history":[{"count":1,"href":"https:\/\/www.mladibl.com\/index.php?rest_route=\/wp\/v2\/posts\/14124\/revisions"}],"predecessor-version":[{"id":14125,"href":"https:\/\/www.mladibl.com\/index.php?rest_route=\/wp\/v2\/posts\/14124\/revisions\/14125"}],"wp:featuredmedia":[{"embeddable":true,"href":"https:\/\/www.mladibl.com\/index.php?rest_route=\/wp\/v2\/media\/14109"}],"wp:attachment":[{"href":"https:\/\/www.mladibl.com\/index.php?rest_route=%2Fwp%2Fv2%2Fmedia&parent=14124"}],"wp:term":[{"taxonomy":"category","embeddable":true,"href":"https:\/\/www.mladibl.com\/index.php?rest_route=%2Fwp%2Fv2%2Fcategories&post=14124"},{"taxonomy":"post_tag","embeddable":true,"href":"https:\/\/www.mladibl.com\/index.php?rest_route=%2Fwp%2Fv2%2Ftags&post=14124"}],"curies":[{"name":"wp","href":"https:\/\/api.w.org\/{rel}","templated":true}]}}