{"id":14122,"date":"2021-10-28T01:05:00","date_gmt":"2021-10-27T23:05:00","guid":{"rendered":"https:\/\/www.mladibl.com\/?p=14122"},"modified":"2021-10-27T23:40:00","modified_gmt":"2021-10-27T21:40:00","slug":"qa-sesija-sa-zlatkom-tanovicem-osnivacem-i-ceo-kompanije-gazzda","status":"publish","type":"post","link":"https:\/\/www.mladibl.com\/?p=14122","title":{"rendered":"Q&amp;A sesija sa Zlatkom Tanovi\u0107em, osniva\u010dem i CEO kompanije Gazzda"},"content":{"rendered":"\n<p>Nastavljamo sa radionicama i za 28. 10. u 17 sati imamo Q&amp;A sesiju sa Zlatkom Tanovi\u0107em, osniva\u010dem i CEO kompanije Gazzda. Pri\u010da\u0107e nam o tome kako je razvio bh. brend Gazzda.<\/p>\n\n\n\n<p>sve Gazzdine komade namje\u0161taja in-house razvili dizajneri i izvo\u0111a\u010di u BiH<\/p>\n\n\n\n<p>svi su 100% proizvedeni doma\u0107im snagama bosanskih obrtnika.<\/p>\n\n\n\n<p>Po\u017eurite sa prijavama na \u2014> <strong><a href=\"http:\/\/bit.ly\/prijavaCCPM2021\" target=\"_blank\" rel=\"noreferrer noopener\">http:\/\/bit.ly\/prijavaCCPM2021<\/a><\/strong><\/p>\n\n\n\n<p>Preuzeto sa: <a href=\"https:\/\/www.hocu.ba\/indexphp\/hocuinfo\/coca-colina-podrska-mladima-u-bih-qa-sesija-sa-zlatkom-tanovicem-osnivacem-i-ceo-kompanije-gazzda\/\" target=\"_blank\" rel=\"noreferrer noopener\">hocu.ba<\/a><\/p>\n","protected":false},"excerpt":{"rendered":"<p>Nastavljamo sa radionicama i za 28. 10. u 17 sati imamo Q&amp;A sesiju sa Zlatkom Tanovi\u0107em, osniva\u010dem i CEO kompanije<\/p>\n","protected":false},"author":1,"featured_media":14110,"comment_status":"closed","ping_status":"open","sticky":false,"template":"","format":"standard","meta":{"om_disable_all_campaigns":false,"_monsterinsights_skip_tracking":false,"_monsterinsights_sitenote_active":false,"_monsterinsights_sitenote_note":"","_monsterinsights_sitenote_category":0,"footnotes":""},"categories":[6],"tags":[6791,2363,6789,6790],"class_list":["post-14122","post","type-post","status-publish","format-standard","has-post-thumbnail","hentry","category-dogadjaji","tag-gazzda","tag-kompanija","tag-qa-sesija","tag-zlatko-tanovic"],"jetpack_featured_media_url":"https:\/\/www.mladibl.com\/wp-content\/uploads\/2021\/10\/QA-sesija-sa-Zlatkom-Tanovicem-osnivacem-i-CEO-kompanije-Gazzda.jpg","amp_enabled":true,"_links":{"self":[{"href":"https:\/\/www.mladibl.com\/index.php?rest_route=\/wp\/v2\/posts\/14122","targetHints":{"allow":["GET"]}}],"collection":[{"href":"https:\/\/www.mladibl.com\/index.php?rest_route=\/wp\/v2\/posts"}],"about":[{"href":"https:\/\/www.mladibl.com\/index.php?rest_route=\/wp\/v2\/types\/post"}],"author":[{"embeddable":true,"href":"https:\/\/www.mladibl.com\/index.php?rest_route=\/wp\/v2\/users\/1"}],"replies":[{"embeddable":true,"href":"https:\/\/www.mladibl.com\/index.php?rest_route=%2Fwp%2Fv2%2Fcomments&post=14122"}],"version-history":[{"count":1,"href":"https:\/\/www.mladibl.com\/index.php?rest_route=\/wp\/v2\/posts\/14122\/revisions"}],"predecessor-version":[{"id":14123,"href":"https:\/\/www.mladibl.com\/index.php?rest_route=\/wp\/v2\/posts\/14122\/revisions\/14123"}],"wp:featuredmedia":[{"embeddable":true,"href":"https:\/\/www.mladibl.com\/index.php?rest_route=\/wp\/v2\/media\/14110"}],"wp:attachment":[{"href":"https:\/\/www.mladibl.com\/index.php?rest_route=%2Fwp%2Fv2%2Fmedia&parent=14122"}],"wp:term":[{"taxonomy":"category","embeddable":true,"href":"https:\/\/www.mladibl.com\/index.php?rest_route=%2Fwp%2Fv2%2Fcategories&post=14122"},{"taxonomy":"post_tag","embeddable":true,"href":"https:\/\/www.mladibl.com\/index.php?rest_route=%2Fwp%2Fv2%2Ftags&post=14122"}],"curies":[{"name":"wp","href":"https:\/\/api.w.org\/{rel}","templated":true}]}}