{"id":14098,"date":"2021-10-27T01:11:00","date_gmt":"2021-10-26T23:11:00","guid":{"rendered":"https:\/\/www.mladibl.com\/?p=14098"},"modified":"2021-10-27T00:17:34","modified_gmt":"2021-10-26T22:17:34","slug":"prirucnik-o-omladinskim-politikama-iz-evropske-perspektive","status":"publish","type":"post","link":"https:\/\/www.mladibl.com\/?p=14098","title":{"rendered":"Priru\u010dnik o omladinskim politikama iz evropske perspektive"},"content":{"rendered":"\n<p>Pre par nedelja promovisan je priru\u010dnik o omladinskim politikama iz evropske perspektive koji je objavio Savet Evrope i Evropska komisija<\/p>\n\n\n\n<p>Priru\u010dnik slu\u017ei kao sredstvo za pokretanje omladinske politike i u\u010denje o raznolikosti nacionalnog i me\u0111unarodnog upravljanja i o mre\u017ei koja je dostupna za omladinsku politiku, njenu implementaciju, pregled i evaluaciju.<\/p>\n\n\n\n<p>Fokusira se veoma specifi\u010dno na one oblasti omladinske politike koje su formulisane i razvijene kao \u0161to su npr.<\/p>\n\n\n\n<ul class=\"wp-block-list\"><li>u\u010de\u0161\u0107e<\/li><li>informisanje<\/li><li>volontiranje<\/li><li>socijal-a inkluzija<\/li><li>pristup pravima<\/li><li>omladinski rad<\/li><li>mobilnost<\/li><li>digitalizacija<\/li><\/ul>\n\n\n\n<p>Priru\u010dnik mo\u017ee\u0161 pro\u010ditati na sljede\u0107em linku: <strong><a href=\"https:\/\/pjp-eu.coe.int\/en\/web\/youth-partnership\/youth-policy-manual-2021\" target=\"_blank\" rel=\"noreferrer noopener\">https:\/\/pjp-eu.coe.int\/en\/web\/youth-partnership\/youth-policy-manual-2021<\/a><\/strong><\/p>\n\n\n\n<p>Preuzeto sa: <a href=\"https:\/\/www.instagram.com\/p\/CVe7BSas6MG\/\" target=\"_blank\" rel=\"noreferrer noopener\">Instagram napor_savez<\/a><\/p>\n","protected":false},"excerpt":{"rendered":"<p>Pre par nedelja promovisan je priru\u010dnik o omladinskim politikama iz evropske perspektive koji je objavio Savet Evrope i Evropska komisija<\/p>\n","protected":false},"author":1,"featured_media":14068,"comment_status":"closed","ping_status":"open","sticky":false,"template":"","format":"standard","meta":{"om_disable_all_campaigns":false,"_monsterinsights_skip_tracking":false,"_monsterinsights_sitenote_active":false,"_monsterinsights_sitenote_note":"","_monsterinsights_sitenote_category":0,"footnotes":""},"categories":[370],"tags":[6784,6783,605],"class_list":["post-14098","post","type-post","status-publish","format-standard","has-post-thumbnail","hentry","category-ostalo","tag-evropska-perspektiva","tag-omladinske-politike","tag-prirucnik"],"jetpack_featured_media_url":"https:\/\/www.mladibl.com\/wp-content\/uploads\/2021\/10\/prirucnik-o-omladinskim-politikama-iz-evropske-perspektive.jpg","amp_enabled":true,"_links":{"self":[{"href":"https:\/\/www.mladibl.com\/index.php?rest_route=\/wp\/v2\/posts\/14098","targetHints":{"allow":["GET"]}}],"collection":[{"href":"https:\/\/www.mladibl.com\/index.php?rest_route=\/wp\/v2\/posts"}],"about":[{"href":"https:\/\/www.mladibl.com\/index.php?rest_route=\/wp\/v2\/types\/post"}],"author":[{"embeddable":true,"href":"https:\/\/www.mladibl.com\/index.php?rest_route=\/wp\/v2\/users\/1"}],"replies":[{"embeddable":true,"href":"https:\/\/www.mladibl.com\/index.php?rest_route=%2Fwp%2Fv2%2Fcomments&post=14098"}],"version-history":[{"count":1,"href":"https:\/\/www.mladibl.com\/index.php?rest_route=\/wp\/v2\/posts\/14098\/revisions"}],"predecessor-version":[{"id":14099,"href":"https:\/\/www.mladibl.com\/index.php?rest_route=\/wp\/v2\/posts\/14098\/revisions\/14099"}],"wp:featuredmedia":[{"embeddable":true,"href":"https:\/\/www.mladibl.com\/index.php?rest_route=\/wp\/v2\/media\/14068"}],"wp:attachment":[{"href":"https:\/\/www.mladibl.com\/index.php?rest_route=%2Fwp%2Fv2%2Fmedia&parent=14098"}],"wp:term":[{"taxonomy":"category","embeddable":true,"href":"https:\/\/www.mladibl.com\/index.php?rest_route=%2Fwp%2Fv2%2Fcategories&post=14098"},{"taxonomy":"post_tag","embeddable":true,"href":"https:\/\/www.mladibl.com\/index.php?rest_route=%2Fwp%2Fv2%2Ftags&post=14098"}],"curies":[{"name":"wp","href":"https:\/\/api.w.org\/{rel}","templated":true}]}}