{"id":14059,"date":"2021-10-26T01:00:00","date_gmt":"2021-10-25T23:00:00","guid":{"rendered":"https:\/\/www.mladibl.com\/?p=14059"},"modified":"2021-10-25T23:40:05","modified_gmt":"2021-10-25T21:40:05","slug":"prostori-za-mlade-su-vazan-preduslov-aktivnog-ucesca-mladih-na-lokalnom-nivou","status":"publish","type":"post","link":"https:\/\/www.mladibl.com\/?p=14059","title":{"rendered":"Prostori za mlade su va\u017ean (pred)uslov aktivnog u\u010de\u0161\u0107a mladih na lokalnom nivou"},"content":{"rendered":"\n<p><strong>Pi\u0161e: Milo\u0161 Blagojevi\u0107<\/strong><\/p>\n\n\n\n<p>Dom omladine Banja Luka je dobio svoje novo delo. Opremljen adekvatnim name\u0161tajem, le\u017eibegovima, ure\u0111en, oslikan, osvetljen, br\u017ea i bolja internet konekcija, izgra\u0111en lift i stepenice koje vode na krov Doma omladine, a koji je jo\u0161 u prvoj polovini godine ure\u0111en i prilago\u0111en aktivnostima mladih i organizacija. Hvala IOM-u i USAID-u.<\/p>\n\n\n\n<p>Moram ista\u0107i veliko zadovoljstvo za sve \u0161to je do sada ura\u0111eno za Dom omladine, jer ovo mesto je to zaslu\u017eilo i mnogo ranije. Sve \u0161to je do sada ura\u0111eno je primer institucionalne podr\u0161ke mladima na lokalnom nivou.<\/p>\n\n\n\n<p>Usudim se re\u0107i da je ovo dobar primer u\u010de\u0161\u0107a mladih po Rod\u017eer Hartovoj skali, jer smo dosegli poslednji nivo, a to je &#8220;Mladi i odrasli zajedno donose odluke&#8221;. Mladi i predstavnici omladinskog sektora su konsultovani po pitanju ure\u0111enja Dom omladine od strane lokalne uprave, postojala je inicijativa od ranije sa obe strane, inicirane su akcije i zajedni\u010dki su donete odluke.<\/p>\n\n\n\n<figure class=\"wp-block-image size-full\"><img loading=\"lazy\" decoding=\"async\" width=\"800\" height=\"445\" src=\"http:\/\/www.mladibl.com\/wp-content\/uploads\/2021\/10\/Dom-omladine_-Novo-utociste-za-sve-koji-zele-da-kvalitetno-provedu-svoje-vrijeme.jpg\" alt=\"\" class=\"wp-image-13998\" srcset=\"https:\/\/www.mladibl.com\/wp-content\/uploads\/2021\/10\/Dom-omladine_-Novo-utociste-za-sve-koji-zele-da-kvalitetno-provedu-svoje-vrijeme.jpg 800w, https:\/\/www.mladibl.com\/wp-content\/uploads\/2021\/10\/Dom-omladine_-Novo-utociste-za-sve-koji-zele-da-kvalitetno-provedu-svoje-vrijeme-300x167.jpg 300w, https:\/\/www.mladibl.com\/wp-content\/uploads\/2021\/10\/Dom-omladine_-Novo-utociste-za-sve-koji-zele-da-kvalitetno-provedu-svoje-vrijeme-768x427.jpg 768w\" sizes=\"auto, (max-width: 800px) 100vw, 800px\" \/><\/figure>\n\n\n\n<p>Dana\u0161nji doga\u0111aj je nosio nazio revolucija, i po mom mi\u0161ljenju mislim da ovde jedno slovo bilo vi\u0161ka. Mislim da znate na koje slovo mislim. Kao \u0161to reko\u0161e neke moje kolege na dana\u0161njem doga\u0111aju, trebalo je biti neko neutralnije ime, jer ova re\u010d je mnogo jaka. Danas i prethodnih dana su predstavljene nove ideje, nove inicijative, nove aktivnosti, i trebalo je ime u tom smeru kreirati.<\/p>\n\n\n\n<p>Mladi i omladinski sektor su dobili jedno funkcionalnije mesto, prostor za koji sam siguran da \u0107e biti (is)kori\u0161ten na najbolji mogu\u0107i na\u010din, da \u0107e svi imati priliku da se izraze, da budu aktivniji i kreativniji, te na taj na\u010din doprinesu razvoju lokalne zajednice i dru\u0161tva u celini.<\/p>\n\n\n\n<figure class=\"wp-block-image size-full\"><img loading=\"lazy\" decoding=\"async\" width=\"800\" height=\"533\" src=\"http:\/\/www.mladibl.com\/wp-content\/uploads\/2021\/10\/Novouredeni-Dom-omladine-u-rukama-mladih.jpg\" alt=\"\" class=\"wp-image-13961\" srcset=\"https:\/\/www.mladibl.com\/wp-content\/uploads\/2021\/10\/Novouredeni-Dom-omladine-u-rukama-mladih.jpg 800w, https:\/\/www.mladibl.com\/wp-content\/uploads\/2021\/10\/Novouredeni-Dom-omladine-u-rukama-mladih-300x200.jpg 300w, https:\/\/www.mladibl.com\/wp-content\/uploads\/2021\/10\/Novouredeni-Dom-omladine-u-rukama-mladih-768x512.jpg 768w\" sizes=\"auto, (max-width: 800px) 100vw, 800px\" \/><\/figure>\n\n\n\n<p>Ovdje ne treba stati, ostaje da se re\u0161i pitanje grejanja u Domu omladine i nadam se da \u0107e to biti re\u0161eno pre zimskog perioda, i ono najbitnije, a to je da se osiguraju stalna finansijska sredstva organizacijama koje svoje aktivnosti realizuju u Domu omladine, te za redovne programske aktivnosti.<\/p>\n\n\n\n<p>Sve u svemu, sjajan doga\u0111aj za mlade i organizacije koje se bave pitanjima mladih, generalno za omladinski sektor u Banjoj Luci i \u0161ire, jer podr\u0161ka lokalne uprave, me\u0111usektorska saradnja, prostori za mlade, bud\u017eeti za mlade, projekti i programi za mlade su pravi primeri dobrih politika prema mladima.<\/p>\n\n\n\n<p>Zar ne?!<\/p>\n","protected":false},"excerpt":{"rendered":"<p>Pi\u0161e: Milo\u0161 Blagojevi\u0107 Dom omladine Banja Luka je dobio svoje novo delo. Opremljen adekvatnim name\u0161tajem, le\u017eibegovima, ure\u0111en, oslikan, osvetljen, br\u017ea<\/p>\n","protected":false},"author":1,"featured_media":14060,"comment_status":"closed","ping_status":"open","sticky":false,"template":"","format":"standard","meta":{"om_disable_all_campaigns":false,"_monsterinsights_skip_tracking":false,"_monsterinsights_sitenote_active":false,"_monsterinsights_sitenote_note":"","_monsterinsights_sitenote_category":0,"footnotes":""},"categories":[1784],"tags":[6769,53,21,6770,6768],"class_list":["post-14059","post","type-post","status-publish","format-standard","has-post-thumbnail","hentry","category-blog","tag-aktivno-ucesce-mladih","tag-banja-luka","tag-dom-omladine","tag-lokalni-nivo","tag-prostori-za-mlade"],"jetpack_featured_media_url":"https:\/\/www.mladibl.com\/wp-content\/uploads\/2021\/10\/BLOG-Prostori-za-mlade-su-vazan-preduslov-aktivnog-ucesca-mladih-na-lokalnom-nivou.jpg","amp_enabled":true,"_links":{"self":[{"href":"https:\/\/www.mladibl.com\/index.php?rest_route=\/wp\/v2\/posts\/14059","targetHints":{"allow":["GET"]}}],"collection":[{"href":"https:\/\/www.mladibl.com\/index.php?rest_route=\/wp\/v2\/posts"}],"about":[{"href":"https:\/\/www.mladibl.com\/index.php?rest_route=\/wp\/v2\/types\/post"}],"author":[{"embeddable":true,"href":"https:\/\/www.mladibl.com\/index.php?rest_route=\/wp\/v2\/users\/1"}],"replies":[{"embeddable":true,"href":"https:\/\/www.mladibl.com\/index.php?rest_route=%2Fwp%2Fv2%2Fcomments&post=14059"}],"version-history":[{"count":2,"href":"https:\/\/www.mladibl.com\/index.php?rest_route=\/wp\/v2\/posts\/14059\/revisions"}],"predecessor-version":[{"id":14062,"href":"https:\/\/www.mladibl.com\/index.php?rest_route=\/wp\/v2\/posts\/14059\/revisions\/14062"}],"wp:featuredmedia":[{"embeddable":true,"href":"https:\/\/www.mladibl.com\/index.php?rest_route=\/wp\/v2\/media\/14060"}],"wp:attachment":[{"href":"https:\/\/www.mladibl.com\/index.php?rest_route=%2Fwp%2Fv2%2Fmedia&parent=14059"}],"wp:term":[{"taxonomy":"category","embeddable":true,"href":"https:\/\/www.mladibl.com\/index.php?rest_route=%2Fwp%2Fv2%2Fcategories&post=14059"},{"taxonomy":"post_tag","embeddable":true,"href":"https:\/\/www.mladibl.com\/index.php?rest_route=%2Fwp%2Fv2%2Ftags&post=14059"}],"curies":[{"name":"wp","href":"https:\/\/api.w.org\/{rel}","templated":true}]}}