{"id":14043,"date":"2021-10-26T01:04:00","date_gmt":"2021-10-25T23:04:00","guid":{"rendered":"https:\/\/www.mladibl.com\/?p=14043"},"modified":"2021-10-25T23:04:23","modified_gmt":"2021-10-25T21:04:23","slug":"kreativni-mikrofon-sa-psihologitaristom-2","status":"publish","type":"post","link":"https:\/\/www.mladibl.com\/?p=14043","title":{"rendered":"Kreativni mikrofon sa Psihologitaristom"},"content":{"rendered":"\n<p>Omladinski centar Zdravo da ste organizuje novi Kreativni mikrofon.<\/p>\n\n\n\n<p>Za\u0161to ostrvo ovaj put i kakve veze on ima sa svetionikom od pro\u0161log susreta saznajte na Kreativnom mikrofonu u \u010detvrtak, 28.10. u 16h!<\/p>\n\n\n\n<figure class=\"wp-block-image size-full\"><img loading=\"lazy\" decoding=\"async\" width=\"800\" height=\"800\" src=\"http:\/\/www.mladibl.com\/wp-content\/uploads\/2021\/10\/Kreativni-mikrofon-sa-Psihologitaristom-28.10..jpg\" alt=\"\" class=\"wp-image-14034\" srcset=\"https:\/\/www.mladibl.com\/wp-content\/uploads\/2021\/10\/Kreativni-mikrofon-sa-Psihologitaristom-28.10..jpg 800w, https:\/\/www.mladibl.com\/wp-content\/uploads\/2021\/10\/Kreativni-mikrofon-sa-Psihologitaristom-28.10.-300x300.jpg 300w, https:\/\/www.mladibl.com\/wp-content\/uploads\/2021\/10\/Kreativni-mikrofon-sa-Psihologitaristom-28.10.-150x150.jpg 150w, https:\/\/www.mladibl.com\/wp-content\/uploads\/2021\/10\/Kreativni-mikrofon-sa-Psihologitaristom-28.10.-768x768.jpg 768w\" sizes=\"auto, (max-width: 800px) 100vw, 800px\" \/><\/figure>\n\n\n\n<p>Preuzeto sa: <a href=\"https:\/\/www.instagram.com\/p\/CVc7liyNTiG\/\" target=\"_blank\" rel=\"noreferrer noopener\">Instagram zdravodaste<\/a><\/p>\n","protected":false},"excerpt":{"rendered":"<p>Omladinski centar Zdravo da ste organizuje novi Kreativni mikrofon. Za\u0161to ostrvo ovaj put i kakve veze on ima sa svetionikom<\/p>\n","protected":false},"author":1,"featured_media":14034,"comment_status":"closed","ping_status":"open","sticky":false,"template":"","format":"standard","meta":{"om_disable_all_campaigns":false,"_monsterinsights_skip_tracking":false,"_monsterinsights_sitenote_active":false,"_monsterinsights_sitenote_note":"","_monsterinsights_sitenote_category":0,"footnotes":""},"categories":[6],"tags":[1643,1421,1377,69],"class_list":["post-14043","post","type-post","status-publish","format-standard","has-post-thumbnail","hentry","category-dogadjaji","tag-kreativni-mikrofon","tag-omladinski-centar","tag-psihologitarista","tag-zdravo-da-ste"],"jetpack_featured_media_url":"https:\/\/www.mladibl.com\/wp-content\/uploads\/2021\/10\/Kreativni-mikrofon-sa-Psihologitaristom-28.10..jpg","amp_enabled":true,"_links":{"self":[{"href":"https:\/\/www.mladibl.com\/index.php?rest_route=\/wp\/v2\/posts\/14043","targetHints":{"allow":["GET"]}}],"collection":[{"href":"https:\/\/www.mladibl.com\/index.php?rest_route=\/wp\/v2\/posts"}],"about":[{"href":"https:\/\/www.mladibl.com\/index.php?rest_route=\/wp\/v2\/types\/post"}],"author":[{"embeddable":true,"href":"https:\/\/www.mladibl.com\/index.php?rest_route=\/wp\/v2\/users\/1"}],"replies":[{"embeddable":true,"href":"https:\/\/www.mladibl.com\/index.php?rest_route=%2Fwp%2Fv2%2Fcomments&post=14043"}],"version-history":[{"count":1,"href":"https:\/\/www.mladibl.com\/index.php?rest_route=\/wp\/v2\/posts\/14043\/revisions"}],"predecessor-version":[{"id":14044,"href":"https:\/\/www.mladibl.com\/index.php?rest_route=\/wp\/v2\/posts\/14043\/revisions\/14044"}],"wp:featuredmedia":[{"embeddable":true,"href":"https:\/\/www.mladibl.com\/index.php?rest_route=\/wp\/v2\/media\/14034"}],"wp:attachment":[{"href":"https:\/\/www.mladibl.com\/index.php?rest_route=%2Fwp%2Fv2%2Fmedia&parent=14043"}],"wp:term":[{"taxonomy":"category","embeddable":true,"href":"https:\/\/www.mladibl.com\/index.php?rest_route=%2Fwp%2Fv2%2Fcategories&post=14043"},{"taxonomy":"post_tag","embeddable":true,"href":"https:\/\/www.mladibl.com\/index.php?rest_route=%2Fwp%2Fv2%2Ftags&post=14043"}],"curies":[{"name":"wp","href":"https:\/\/api.w.org\/{rel}","templated":true}]}}