{"id":13810,"date":"2021-10-19T08:01:36","date_gmt":"2021-10-19T06:01:36","guid":{"rendered":"https:\/\/www.mladibl.com\/?p=13810"},"modified":"2021-10-19T08:01:37","modified_gmt":"2021-10-19T06:01:37","slug":"molson-coors-business-academy-2021","status":"publish","type":"post","link":"https:\/\/www.mladibl.com\/?p=13810","title":{"rendered":"Molson Coors Business Academy 2021"},"content":{"rendered":"\n<p>Kompanija Molson Coors, jedan od svjetskih lidera u pivarskoj industriji, po drugi put zajedno sa CERK-om organizuju Molson Coors Business Academy. Akademija je savr\u0161en na\u010din da 2021. godinu zavr\u0161ite sa vje\u0161tinama potrebnim za realizaciju va\u0161e ideje iz snova!<\/p>\n\n\n\n<p>Akademija je otvorena svim punoljetnim mladim ljudima iz BiH, bilo da su studenti osnovnih studija, studenti mastera ili drugi mladi.<\/p>\n\n\n\n<p>Posebno je korisna za budu\u0107e u\u010desnike O\u017eujsko i Jelen Business Case Challenge-a ali je otvorena i za u\u010desnike koji samo \u017eele da u\u010destvuju na radionicama ove akademije!<\/p>\n\n\n\n<p>Molson Coors Business Academy se realizuje kroz niz prakti\u010dnih radionica o marketingu, projektnom menad\u017ementu i razvoju ideje. Sve popra\u0107eno me\u0111unarodnim iskustvom i korisnim savjetima na\u0161ih predava\u010da!<\/p>\n\n\n\n<p>Na\u010din prijave:<\/p>\n\n\n\n<p>Sve \u0161to trebate je da po\u0161aljete email sa imenom, prezimenom i fakultetom koji poha\u0111ate (ako studirate) i na <strong><a href=\"mailto:kontakt@cerk.info\" target=\"_blank\" rel=\"noreferrer noopener\">kontakt@cerk.info<\/a><\/strong>. U\u010de\u0161\u0107e je besplatno.<\/p>\n\n\n\n<p>Business Academy \u0107e se odr\u017eati u dva termina, u potpunosti online putem platforme Zoom. i to:<\/p>\n\n\n\n<p>\u2013 30. oktobra 2021. godine i<br>\u2013 6. novembra 2021. godine.<\/p>\n\n\n\n<p>U\u010desnici koji odslu\u0161aju Akademiju u cijelosti, dobijaju sertifikate o u\u010de\u0161\u0107u!<\/p>\n\n\n\n<p>Neke od tema radionica su:<\/p>\n\n\n\n<p>Koja je to veza brendiranja i diferenciranja proizvoda?<br>Kako razviti digitalni poslovni model?<br>Za\u0161to Tina Tarner nije bila u pravu: ipak nam treba jo\u0161 jedan heroj<br>Kako razviti ideju, proizvod i preduze\u0107e?<\/p>\n\n\n\n<p>\u2026i mnoge druge a sve to od doma\u0107ih i me\u0111unarodnih uspje\u0161nih poslovih ljudi! Upoznajmo neke od ih!<\/p>\n\n\n\n<p>Speakers of the MC Academy<\/p>\n\n\n\n<p>Predava\u010di na Molson Coors Business Academy su stru\u010dnjaci sa doma\u0107im i me\u0111unarodnim iskustvom, kako u poslovnom, tako i u akademskom svijetu. Predstavljamo neke od predava\u010da!<\/p>\n\n\n\n<p>Gregor Cerin\u0161ek \u2013 Lead Project Manager IRI, Univerzitet u Ljubljani<\/p>\n\n\n\n<p>Gregor Cerinsek vode\u0107i je projekt menad\u017eer na Institutu za inovacije i razvoj Univerziteta u Ljubljani (IRI UL), Slovenija. Gregor koordini\u0161e tranzicijske univerzitetsko-poslovne inovacijske projekte i vodi multidisciplinarne istra\u017eiva\u010dke grupe koje realizuju razvojna istra\u017eivanja usmjerena na ljude, dovode\u0107i ljude u razvojne procese kao aktivne sukreatore. Vanjski je stru\u010dnjak Evropske komisije koji procjenjuje kvalitet, relevantnost i uticaj projekata EU-a na podru\u010dju visokog obrazovanja, a dio je i stru\u010dnog panela na visokom nivou o razvoju i pobolj\u0161anju nastavnih planova i programa i strategija u\u010denja za visoko i ne-visoko obrazovanje obrazovanje na podru\u010dju klju\u010dnih tehnologija koje omogu\u0107uju i napredne proizvodnje. On je autor nekoliko poglavlja u knjigama i nekoliko nau\u010dnih radova u razli\u010ditim \u010dasopisima, uklju\u010duju\u0107i Teaching antropology journal of the Royal Anthropological Institute, Journal of Intelligent Manufacturing, International Journal of Science Education, Lecture Notes in Computer Science i International Journal of Innovation and Learning.<\/p>\n\n\n\n<p>Alja Gaj\u0161ek \u2013 Program Director CEED Slovenija<\/p>\n\n\n\n<p>Alja Gaj\u0161ek \u2013 Program Director CEED Slovenija. U posljednjih 10 godina u CEED -u razvila je nove programe u\u010denja i rje\u0161enja za osniva\u010de razli\u010ditih faza razvoja kompanija \u2013 od startupa do globalnih tehnolo\u0161kih preduze\u0107a. Pomogla je u izgradnji otvorene, saradni\u010dke i pouzdane zajednice, te pru\u017eila individualnu podr\u0161ku nekoliko stotina osniva\u010da povezuju\u0107i ih s mentorima i \u0161irom me\u0111unarodnom mre\u017eom. Prije CEED-a razvijala je dva \u010dasopisa \u2013 jedan preduzetni\u010dki GEA Forum i jedan studentski \u010dasopis Neo, gdje je bila glavna urednica. Koautorica je knjige Pri\u010de o uspjehu: Kako su 63 Slovenca postala uspje\u0161na (2008.). Zavr\u0161ila je MBA \u2013 Master of Science in Business Administration. Alja je alumna Professional Fellow programa (2016.), a svoje vrijeme provedeno u SAD-u i godine u regionalnoj alumni mre\u017ei Catalyze opisuje kao inspirativno i life-changing iskustvo. Linkedin: https: \/\/www.linkedin.com\/in\/aljagajsek\/<\/p>\n\n\n\n<p>Jasmin Mari\u0107, Business development, OLX BiH<\/p>\n\n\n\n<p>Jasmin ima dugogodi\u0161nje iskustvo u projektima u oblasti IT-a, prodaje i razvoja poslovanja. Zavr\u0161io je Ekonomski fakultet Univerziteta u Sarajevu a istinska strast su mu IT proizvodi i usluge te digitalni poslovni modeli. Ve\u0107ina njegovog nedavnog radnog iskustva uklju\u010duje prodajno (preduze\u0107e i maloprodaju) marketin\u0161ko savjetovanje, digitalni marketing, istra\u017eivanje i poslovni razvoj u OLX BA (OLX Group, Naspers). OLX Grupa jedna je od najbr\u017ee rastu\u0107ih mre\u017ea trgova\u010dkih platformi na svijetu, koja djeluje u 30+ zemalja svijeta. Poma\u017ee ljudima kupovati i prodavati automobile, prona\u0107i stanove, zaposliti se, kupovati i prodavati ku\u0107anske potrep\u0161tine i jo\u0161 mnogo toga. S vi\u0161e od 20 omiljenih lokalnih marki, uklju\u010duju\u0107i Avito, OLX, OLX Autos, Otomoto i Property24, njihova su rje\u0161enja izgra\u0111ena tako da budu sigurna, pametna i prikladna za klijente. U Olx-u je zaposleno 11.000+ ljudi koji radi na 5 kontinenata u kancelarijama \u0161irom svijeta. Osim korporativnih IT rje\u0161enja, Jasmin je i aktivan \u010dlan lokalne startup scene na kojoj radi i mentori\u0161e nekoliko startup projekata.<\/p>\n\n\n\n<p>Dr ekonomskih nauka Andrijana Mrkai\u0107 Ateljevi\u0107, profesor Visoke \u0161kole za turizam i hotelijerstvo u Trebinju<\/p>\n\n\n\n<p>Andrijana je profesor Visoke \u0161kole za turizam i hotelijerstvo, ima desetogodi\u0161nje iskustvo u radu sa studentima. Osnovne studije zavr\u0161ila je na Fakultetu poslovne ekonomije u Bijeljini, magistarske na Ekonomskom fakultetu Pale, dok je doktorsku tezu pred peto\u010dlanom Komisijom odbranila na Fakultetu poslovne ekonomije u Bijeljini. Kao student stipendirana je od strane tada\u0161njeg Ministarstva nauke i tehnologije RS, Ministarstva prosvjete i kulture RS, te Fonda \u201eDr. Milan Jeli\u0107\u201c u kategoriji izuzetnih studenata. Bila je najbolji student \u010detvrte godine i student sa najvi\u0161im prosjekom ocjena me\u0111u promovisanim diplomcima.<\/p>\n\n\n\n<p>Stru\u010dne reference: veliki broj objavljenih radova, urednik ve\u0107eg broja knjiga, saradnik na stru\u010dnim projektima, me\u0111unarodni recenzent \u201eOikos\u201c instituta u Bijeljini, zamjenik predsjednika Upravnog odbora Visoke \u0160kole; predsjedavaju\u0107i Senata Visoke \u0161kole (tematski), saradnik CERK-a.<\/p>\n\n\n\n<figure class=\"wp-block-image size-full\"><img loading=\"lazy\" decoding=\"async\" width=\"696\" height=\"696\" src=\"http:\/\/www.mladibl.com\/wp-content\/uploads\/2021\/10\/Molson-Coors-Business-Academy.jpg\" alt=\"\" class=\"wp-image-13802\" srcset=\"https:\/\/www.mladibl.com\/wp-content\/uploads\/2021\/10\/Molson-Coors-Business-Academy.jpg 696w, https:\/\/www.mladibl.com\/wp-content\/uploads\/2021\/10\/Molson-Coors-Business-Academy-300x300.jpg 300w, https:\/\/www.mladibl.com\/wp-content\/uploads\/2021\/10\/Molson-Coors-Business-Academy-150x150.jpg 150w\" sizes=\"auto, (max-width: 696px) 100vw, 696px\" \/><\/figure>\n\n\n\n<p>Preuzeto sa: <a href=\"https:\/\/cerk.info\/molson-coors-business-academy-2021\/\" target=\"_blank\" rel=\"noreferrer noopener\">CERK<\/a><\/p>\n","protected":false},"excerpt":{"rendered":"<p>Kompanija Molson Coors, jedan od svjetskih lidera u pivarskoj industriji, po drugi put zajedno sa CERK-om organizuju Molson Coors Business<\/p>\n","protected":false},"author":1,"featured_media":13802,"comment_status":"closed","ping_status":"open","sticky":false,"template":"","format":"standard","meta":{"om_disable_all_campaigns":false,"_monsterinsights_skip_tracking":false,"_monsterinsights_sitenote_active":false,"_monsterinsights_sitenote_note":"","_monsterinsights_sitenote_category":0,"footnotes":""},"categories":[4],"tags":[1699,550,1818],"class_list":["post-13810","post","type-post","status-publish","format-standard","has-post-thumbnail","hentry","category-edukacija","tag-business-academy","tag-cerk","tag-molson-coors"],"jetpack_featured_media_url":"https:\/\/www.mladibl.com\/wp-content\/uploads\/2021\/10\/Molson-Coors-Business-Academy.jpg","amp_enabled":true,"_links":{"self":[{"href":"https:\/\/www.mladibl.com\/index.php?rest_route=\/wp\/v2\/posts\/13810","targetHints":{"allow":["GET"]}}],"collection":[{"href":"https:\/\/www.mladibl.com\/index.php?rest_route=\/wp\/v2\/posts"}],"about":[{"href":"https:\/\/www.mladibl.com\/index.php?rest_route=\/wp\/v2\/types\/post"}],"author":[{"embeddable":true,"href":"https:\/\/www.mladibl.com\/index.php?rest_route=\/wp\/v2\/users\/1"}],"replies":[{"embeddable":true,"href":"https:\/\/www.mladibl.com\/index.php?rest_route=%2Fwp%2Fv2%2Fcomments&post=13810"}],"version-history":[{"count":1,"href":"https:\/\/www.mladibl.com\/index.php?rest_route=\/wp\/v2\/posts\/13810\/revisions"}],"predecessor-version":[{"id":13811,"href":"https:\/\/www.mladibl.com\/index.php?rest_route=\/wp\/v2\/posts\/13810\/revisions\/13811"}],"wp:featuredmedia":[{"embeddable":true,"href":"https:\/\/www.mladibl.com\/index.php?rest_route=\/wp\/v2\/media\/13802"}],"wp:attachment":[{"href":"https:\/\/www.mladibl.com\/index.php?rest_route=%2Fwp%2Fv2%2Fmedia&parent=13810"}],"wp:term":[{"taxonomy":"category","embeddable":true,"href":"https:\/\/www.mladibl.com\/index.php?rest_route=%2Fwp%2Fv2%2Fcategories&post=13810"},{"taxonomy":"post_tag","embeddable":true,"href":"https:\/\/www.mladibl.com\/index.php?rest_route=%2Fwp%2Fv2%2Ftags&post=13810"}],"curies":[{"name":"wp","href":"https:\/\/api.w.org\/{rel}","templated":true}]}}