{"id":13293,"date":"2021-10-02T01:05:00","date_gmt":"2021-10-01T23:05:00","guid":{"rendered":"https:\/\/www.mladibl.com\/?p=13293"},"modified":"2021-10-01T22:54:05","modified_gmt":"2021-10-01T20:54:05","slug":"prvi-medunarodni-virtuelni-sajam-u-oblasti-informaciono-komunikacionih-tehnologija-i-poljoprivrede-smagtech-expo","status":"publish","type":"post","link":"https:\/\/www.mladibl.com\/?p=13293","title":{"rendered":"Prvi me\u0111unarodni virtuelni sajam u oblasti informaciono-komunikacionih tehnologija i poljoprivrede \u2013 SMAGTECH EXPO"},"content":{"rendered":"\n<p>Umre\u017eavanje, saradnja s preduze\u0107ima iz drugih sektora te dijeljenje ste\u010denih iskustava \u010desto su najzna\u010dajni faktor poslovnog uspjeha. Ovo su samo neke od mogu\u0107nosti koje \u0107e mo\u0107i iskoristiti svi oni koji budu uzeli u\u010de\u0161\u0107e na SmAgTech EXPO doga\u0111aju \u2013 prvom me\u0111unarodnom virtuelnom sajmu o primeni informaciono komunikacionih tehnologija u poljoprivredi.<\/p>\n\n\n\n<p>Sajam zajedni\u010dki organizuju visokoobrazovne institucije, tehnolo\u0161ki parkovi i preduze\u0107a iz regije, a finansiran je sredstvima Evropske unije kroz projekat Vitalizing ICT Relevance in Agricultural Learning (VIRAL) iz Erasmus + programa.<\/p>\n\n\n\n<p>SmAgTech EXPO je jedinstvena prilika za okupljanje, razmjenu znanja i iskustava, te ostvarivanje kontakata za budu\u0107u saradnju. Dvodnevni program SmAgTech EXPO doga\u0111aja, koji \u0107e se odr\u017eati putem specijalizovane online platforme u utorak, 16.11. i srijedu 17.11.2021. godine, obuhvati\u0107e sajamski i konferencijski dio namijenjen ne samo poljoprivrednim preduze\u0107ima i srodnim organizacijama, nego i predstavnicima javne uprave, IT sektora, kao i studentima.<\/p>\n\n\n\n<p>Konferencijski program uklju\u010duje niz tematskih predavanja, prezentacija i panel diskusija iz svijeta poljoprivrede i primjene informaciono komunikacionih tehnologija u poljoprivredi. Posebno mesto zauzima osvrt na nedavno organizovane hackathone u Banja Luci, Mostaru i Nik\u0161i\u0107u, kao alat promocije saradnje studenata i preduze\u0107a kroz prakti\u010dan rad.<\/p>\n\n\n\n<p>U sajamskom dijelu \u0107e se predstaviti preduze\u0107a, organizacije i srodni projekti iz razli\u010ditih dijelova Europe. Dio sajma je posve\u0107en promovisanju anga\u017eovanja i zapo\u0161ljavanja studenata kroz ostvarivanje prvog kontakta s potencijalnim poslodavcima. Bilo da ste predstavnik privatnog, javnog ili nevladinog sektora ili ste student nekog od poljoprivrednih fakulteta u regiji, rezervi\u0161ite ove datume u svoj kalendar \u2013 SmAgTech EXPO besplatni doga\u0111aj je izvrsna prilika za ostvarivanje kontakata, po\u010detak nove saradnje i pronala\u017eenje potencijalnog poslodavca.<\/p>\n\n\n\n<p>Koordinator VIRAL projekta je Univerzitet u Banja Luci, a projekt realizuju Univerzitet D\u017eemal Bijedi\u0107 Mostar, Sveu\u010dili\u0161te u Mostaru, Univerzitet u Tuzli, Univerzitet Bijeljina, Univerzitet Donja Gorica, Univerzitet Waigeningen, Univerzitet Maribor, Univerzitet Bukure\u0161t, Agro-vo\u0107e, Jaffa-komerc, Planta\u017ee 13. jul, Western Balkans Institute, Inovacioni centar Banja Luka, Inovaciono preduzetni\u010dki centar Tehnopolis, INTERA Tehnolo\u0161ki Park i Crnogorska Asocijacija za nove tehnologije MANT.<\/p>\n\n\n\n<p>Vi\u0161e informacija o projektu VIRAL potra\u017eite na <strong><a href=\"http:\/\/viralerasmus.org\/\" target=\"_blank\" rel=\"noreferrer noopener\">http:\/\/viralerasmus.org\/<\/a><\/strong><\/p>\n\n\n\n<p>Preuzeto sa: <a href=\"https:\/\/icbl.ba\/2021\/10\/01\/prvi-medjunarodni-virtuelni-sajam-u-oblasti-informaciono-komunikacione-tehnologija-i-poljoprireda-smagtech-expo\/\" target=\"_blank\" rel=\"noreferrer noopener\">ICBL<\/a><\/p>\n","protected":false},"excerpt":{"rendered":"<p>Umre\u017eavanje, saradnja s preduze\u0107ima iz drugih sektora te dijeljenje ste\u010denih iskustava \u010desto su najzna\u010dajni faktor poslovnog uspjeha. Ovo su samo<\/p>\n","protected":false},"author":1,"featured_media":13281,"comment_status":"closed","ping_status":"open","sticky":false,"template":"","format":"standard","meta":{"om_disable_all_campaigns":false,"_monsterinsights_skip_tracking":false,"_monsterinsights_sitenote_active":false,"_monsterinsights_sitenote_note":"","_monsterinsights_sitenote_category":0,"footnotes":""},"categories":[6],"tags":[4752,1196,539,2635,6506,4280],"class_list":["post-13293","post","type-post","status-publish","format-standard","has-post-thumbnail","hentry","category-dogadjaji","tag-ikt","tag-medunarodni","tag-poljoprivreda","tag-sajam","tag-smagtech-expo","tag-virtuelni"],"jetpack_featured_media_url":"https:\/\/www.mladibl.com\/wp-content\/uploads\/2021\/10\/Prvi-medunarodni-virtuelni-sajam-u-oblasti-informaciono-komunikacionih-tehnologija-i-poljoprivrede-\u2013-SMAGTECH-EXPO.jpg","amp_enabled":true,"_links":{"self":[{"href":"https:\/\/www.mladibl.com\/index.php?rest_route=\/wp\/v2\/posts\/13293","targetHints":{"allow":["GET"]}}],"collection":[{"href":"https:\/\/www.mladibl.com\/index.php?rest_route=\/wp\/v2\/posts"}],"about":[{"href":"https:\/\/www.mladibl.com\/index.php?rest_route=\/wp\/v2\/types\/post"}],"author":[{"embeddable":true,"href":"https:\/\/www.mladibl.com\/index.php?rest_route=\/wp\/v2\/users\/1"}],"replies":[{"embeddable":true,"href":"https:\/\/www.mladibl.com\/index.php?rest_route=%2Fwp%2Fv2%2Fcomments&post=13293"}],"version-history":[{"count":1,"href":"https:\/\/www.mladibl.com\/index.php?rest_route=\/wp\/v2\/posts\/13293\/revisions"}],"predecessor-version":[{"id":13294,"href":"https:\/\/www.mladibl.com\/index.php?rest_route=\/wp\/v2\/posts\/13293\/revisions\/13294"}],"wp:featuredmedia":[{"embeddable":true,"href":"https:\/\/www.mladibl.com\/index.php?rest_route=\/wp\/v2\/media\/13281"}],"wp:attachment":[{"href":"https:\/\/www.mladibl.com\/index.php?rest_route=%2Fwp%2Fv2%2Fmedia&parent=13293"}],"wp:term":[{"taxonomy":"category","embeddable":true,"href":"https:\/\/www.mladibl.com\/index.php?rest_route=%2Fwp%2Fv2%2Fcategories&post=13293"},{"taxonomy":"post_tag","embeddable":true,"href":"https:\/\/www.mladibl.com\/index.php?rest_route=%2Fwp%2Fv2%2Ftags&post=13293"}],"curies":[{"name":"wp","href":"https:\/\/api.w.org\/{rel}","templated":true}]}}