{"id":13263,"date":"2021-10-01T01:09:00","date_gmt":"2021-09-30T23:09:00","guid":{"rendered":"https:\/\/www.mladibl.com\/?p=13263"},"modified":"2021-10-01T00:00:48","modified_gmt":"2021-09-30T22:00:48","slug":"zene-i-moc-jacanje-vidljivosti-i-percepcije-zena-u-javnom-prostoru","status":"publish","type":"post","link":"https:\/\/www.mladibl.com\/?p=13263","title":{"rendered":"\u017dene i mo\u0107 &#8211; ja\u010danje vidljivosti i percepcije \u017eena u javnom prostoru"},"content":{"rendered":"\n<p>Fondacija Humanity in Action BiH, uz podr\u0161ku Westminster Foundation for Democracy i German Marshall Fund-a, raspisuje poziv za u\u010de\u0161\u0107e u projektu \u201e\u017dene i mo\u0107 &#8211; ja\u010danje vidljivosti i percepcije \u017eena u javnom prostoru\u201c.<\/p>\n\n\n\n<p>Projekat ima za cilj da omogu\u0107i novim generacijama liderki koje kreiraju medijske sadr\u017eaje i koriste multimedijalne platforme za afirmaciju jednakosti i ravnopravnosti u dru\u0161tvu, sa posebnim fokusom na politi\u010dko u\u010de\u0161\u0107e \u017eena, sticanje dodatnog znanja i alata u kreiranju audio i video podcasta &#8211; sve popularnijeg formata u doma\u0107em i regionalnom javnom prostoru.<\/p>\n\n\n\n<p>Pozivamo djevojke do 30 godina iz BiH da se prijave do 17. oktobra 2021. godine tako \u0161to \u0107e popuniti <strong><a href=\"https:\/\/humanityinaction.wufoo.com\/forms\/zqey0b51k1npdh\" target=\"_blank\" rel=\"noreferrer noopener\">link<\/a><\/strong>.<\/p>\n\n\n\n<p>Tokom dvodnevne radionice u Sarajevu, u\u010desnice \u0107e u\u010diti o rodno-odgovornom izvje\u0161tavanju, specifi\u010dnostima podcasta kao nove, medijske forme, te tehni\u010dkim detaljima u kreiranju istog. O\u010dekuje se da nakon zavr\u0161ene radionice, u\u010desnice timski kreiraju audio i video podcaste koji afirmi\u0161u ve\u0107e u\u010de\u0161\u0107e \u017eena u politi\u010dkom i dru\u0161tvenom \u017eivotu BiH.<\/p>\n\n\n\n<p>Dvodnevna radionica bi\u0107e odr\u017eana u Sarajevu, 29. i 30. oktobra 2021., a sve tro\u0161kove snosi organizator.<\/p>\n\n\n\n<p>Vi\u0161e informacija na:<br><strong><a href=\"https:\/\/www.humanityinaction.org\/women-power\/\" target=\"_blank\" rel=\"noreferrer noopener\">https:\/\/www.humanityinaction.org\/women-power\/<\/a><\/strong><br><strong><a href=\"http:\/\/www.facebook.com\/hiabih\" target=\"_blank\" rel=\"noreferrer noopener\">www.facebook.com\/hiabih<\/a><\/strong><br><strong><a href=\"mailto:m.ridjic@humanityinaction.org\" target=\"_blank\" rel=\"noreferrer noopener\">m.ridjic@humanityinaction.org<\/a><\/strong><\/p>\n\n\n\n<figure class=\"wp-block-image size-full\"><img loading=\"lazy\" decoding=\"async\" width=\"800\" height=\"800\" src=\"http:\/\/www.mladibl.com\/wp-content\/uploads\/2021\/09\/Zene-i-moc-jacanje-vidljivosti-i-percepcije-zena-u-javnom-prostoru.jpg\" alt=\"\" class=\"wp-image-13236\" srcset=\"https:\/\/www.mladibl.com\/wp-content\/uploads\/2021\/09\/Zene-i-moc-jacanje-vidljivosti-i-percepcije-zena-u-javnom-prostoru.jpg 800w, https:\/\/www.mladibl.com\/wp-content\/uploads\/2021\/09\/Zene-i-moc-jacanje-vidljivosti-i-percepcije-zena-u-javnom-prostoru-300x300.jpg 300w, https:\/\/www.mladibl.com\/wp-content\/uploads\/2021\/09\/Zene-i-moc-jacanje-vidljivosti-i-percepcije-zena-u-javnom-prostoru-150x150.jpg 150w, https:\/\/www.mladibl.com\/wp-content\/uploads\/2021\/09\/Zene-i-moc-jacanje-vidljivosti-i-percepcije-zena-u-javnom-prostoru-768x768.jpg 768w\" sizes=\"auto, (max-width: 800px) 100vw, 800px\" \/><\/figure>\n","protected":false},"excerpt":{"rendered":"<p>Fondacija Humanity in Action BiH, uz podr\u0161ku Westminster Foundation for Democracy i German Marshall Fund-a, raspisuje poziv za u\u010de\u0161\u0107e u<\/p>\n","protected":false},"author":1,"featured_media":13236,"comment_status":"closed","ping_status":"open","sticky":false,"template":"","format":"standard","meta":{"om_disable_all_campaigns":false,"_monsterinsights_skip_tracking":false,"_monsterinsights_sitenote_active":false,"_monsterinsights_sitenote_note":"","_monsterinsights_sitenote_category":0,"footnotes":""},"categories":[370],"tags":[1071,6497,355,888,838,814,6496],"class_list":["post-13263","post","type-post","status-publish","format-standard","has-post-thumbnail","hentry","category-ostalo","tag-javni-prostor","tag-percepcija","tag-poziv","tag-projekat","tag-vidljivost","tag-zene","tag-zene-i-moc"],"jetpack_featured_media_url":"https:\/\/www.mladibl.com\/wp-content\/uploads\/2021\/09\/Zene-i-moc-jacanje-vidljivosti-i-percepcije-zena-u-javnom-prostoru.jpg","amp_enabled":true,"_links":{"self":[{"href":"https:\/\/www.mladibl.com\/index.php?rest_route=\/wp\/v2\/posts\/13263","targetHints":{"allow":["GET"]}}],"collection":[{"href":"https:\/\/www.mladibl.com\/index.php?rest_route=\/wp\/v2\/posts"}],"about":[{"href":"https:\/\/www.mladibl.com\/index.php?rest_route=\/wp\/v2\/types\/post"}],"author":[{"embeddable":true,"href":"https:\/\/www.mladibl.com\/index.php?rest_route=\/wp\/v2\/users\/1"}],"replies":[{"embeddable":true,"href":"https:\/\/www.mladibl.com\/index.php?rest_route=%2Fwp%2Fv2%2Fcomments&post=13263"}],"version-history":[{"count":1,"href":"https:\/\/www.mladibl.com\/index.php?rest_route=\/wp\/v2\/posts\/13263\/revisions"}],"predecessor-version":[{"id":13264,"href":"https:\/\/www.mladibl.com\/index.php?rest_route=\/wp\/v2\/posts\/13263\/revisions\/13264"}],"wp:featuredmedia":[{"embeddable":true,"href":"https:\/\/www.mladibl.com\/index.php?rest_route=\/wp\/v2\/media\/13236"}],"wp:attachment":[{"href":"https:\/\/www.mladibl.com\/index.php?rest_route=%2Fwp%2Fv2%2Fmedia&parent=13263"}],"wp:term":[{"taxonomy":"category","embeddable":true,"href":"https:\/\/www.mladibl.com\/index.php?rest_route=%2Fwp%2Fv2%2Fcategories&post=13263"},{"taxonomy":"post_tag","embeddable":true,"href":"https:\/\/www.mladibl.com\/index.php?rest_route=%2Fwp%2Fv2%2Ftags&post=13263"}],"curies":[{"name":"wp","href":"https:\/\/api.w.org\/{rel}","templated":true}]}}