{"id":13103,"date":"2021-09-28T01:01:00","date_gmt":"2021-09-27T23:01:00","guid":{"rendered":"https:\/\/www.mladibl.com\/?p=13103"},"modified":"2021-09-27T23:20:29","modified_gmt":"2021-09-27T21:20:29","slug":"izlozba-u-muzeju-sporta-95-godina-od-osnivanja-fk-borac","status":"publish","type":"post","link":"https:\/\/www.mladibl.com\/?p=13103","title":{"rendered":"Izlo\u017eba u Muzeju sporta: 95 godina od osnivanja FK Borac"},"content":{"rendered":"\n<p>Muzej sporta je po \u010detvrti put u godinu dana otvorio svoja vrata i predstavio novu postavku. \u201cBorac, to je ljubav moja!\u201d je izlo\u017eba koja je posve\u0107ena fudbalskom klubu Borac, a ista je ralizovana povodom 95 godina od osnivanja Velikana.<\/p>\n\n\n\n<p>Svi posjetioci Muzeja sporta u naredna dva mjeseca \u0107e mo\u0107i vidjeti na jednom mjestu sve pehare Kluba, kao i rekvizite, dresove, fotografije. Po prvi put u Muzeju navija\u010di Kluba dobili su svoj izlo\u017ebeni prostor, a tu je i memorijalni dio svih bor\u010devaca.<\/p>\n\n\n\n<p>Muzej \u0107e u narednih sedam dana biti otvoren za posjetioce od 13.00 do 18.00 \u010dasova, a subotom od 10.00 do 14.00. Od 5. oktobra termini posjeta se zakazuju.<\/p>\n\n\n\n<p>Preuzeto sa: <a href=\"https:\/\/www.banjaluka.rs.ba\/izlozba-u-muzeju-sporta-95-godina-od-osnivanja-fk-borac\/\" target=\"_blank\" rel=\"noreferrer noopener\">Grad Banja Luka<\/a><\/p>\n","protected":false},"excerpt":{"rendered":"<p>Muzej sporta je po \u010detvrti put u godinu dana otvorio svoja vrata i predstavio novu postavku. \u201cBorac, to je ljubav<\/p>\n","protected":false},"author":1,"featured_media":13104,"comment_status":"closed","ping_status":"open","sticky":false,"template":"","format":"standard","meta":{"om_disable_all_campaigns":false,"_monsterinsights_skip_tracking":false,"_monsterinsights_sitenote_active":false,"_monsterinsights_sitenote_note":"","_monsterinsights_sitenote_category":0,"footnotes":""},"categories":[2],"tags":[6445,4911,699,1991,1246],"class_list":["post-13103","post","type-post","status-publish","format-standard","has-post-thumbnail","hentry","category-vijesti","tag-95-godina","tag-fk-borac","tag-izlozba","tag-muzej-sporta","tag-osnivanje"],"jetpack_featured_media_url":"https:\/\/www.mladibl.com\/wp-content\/uploads\/2021\/09\/Izlozba-u-Muzeju-sporta_-95-godina-od-osnivanja-FK-Borac.jpg","amp_enabled":true,"_links":{"self":[{"href":"https:\/\/www.mladibl.com\/index.php?rest_route=\/wp\/v2\/posts\/13103","targetHints":{"allow":["GET"]}}],"collection":[{"href":"https:\/\/www.mladibl.com\/index.php?rest_route=\/wp\/v2\/posts"}],"about":[{"href":"https:\/\/www.mladibl.com\/index.php?rest_route=\/wp\/v2\/types\/post"}],"author":[{"embeddable":true,"href":"https:\/\/www.mladibl.com\/index.php?rest_route=\/wp\/v2\/users\/1"}],"replies":[{"embeddable":true,"href":"https:\/\/www.mladibl.com\/index.php?rest_route=%2Fwp%2Fv2%2Fcomments&post=13103"}],"version-history":[{"count":1,"href":"https:\/\/www.mladibl.com\/index.php?rest_route=\/wp\/v2\/posts\/13103\/revisions"}],"predecessor-version":[{"id":13105,"href":"https:\/\/www.mladibl.com\/index.php?rest_route=\/wp\/v2\/posts\/13103\/revisions\/13105"}],"wp:featuredmedia":[{"embeddable":true,"href":"https:\/\/www.mladibl.com\/index.php?rest_route=\/wp\/v2\/media\/13104"}],"wp:attachment":[{"href":"https:\/\/www.mladibl.com\/index.php?rest_route=%2Fwp%2Fv2%2Fmedia&parent=13103"}],"wp:term":[{"taxonomy":"category","embeddable":true,"href":"https:\/\/www.mladibl.com\/index.php?rest_route=%2Fwp%2Fv2%2Fcategories&post=13103"},{"taxonomy":"post_tag","embeddable":true,"href":"https:\/\/www.mladibl.com\/index.php?rest_route=%2Fwp%2Fv2%2Ftags&post=13103"}],"curies":[{"name":"wp","href":"https:\/\/api.w.org\/{rel}","templated":true}]}}