{"id":12982,"date":"2021-09-23T09:05:05","date_gmt":"2021-09-23T07:05:05","guid":{"rendered":"https:\/\/www.mladibl.com\/?p=12982"},"modified":"2021-09-23T09:05:05","modified_gmt":"2021-09-23T07:05:05","slug":"prijave-za-najveci-regionalni-employer-branding-projekat-best-employer-brand-awards-adria-2021","status":"publish","type":"post","link":"https:\/\/www.mladibl.com\/?p=12982","title":{"rendered":"Prijave za najve\u0107i regionalni employer branding projekat &#8220;Best Employer Brand Awards Adria 2021&#8221;"},"content":{"rendered":"\n<p>Employer branding je tema kojoj se u poslednje vrijeme okre\u0107e sve vi\u0161e organizacija i firmi sa ciljem izgradnje korporativnog imid\u017ea i ja\u010danja strategije privla\u010denja i zadr\u017eavanja zaposlenih. Employer branding mo\u017eemo nazvati i na\u010dinom pomo\u0107u kojeg firme upravljaju nizom poslovnih segmenata kako bi se istakle kao atraktivno mjesto za rad i kao po\u017eeljan poslodavac, kako svojim trenutnim zaposlenima tako i onim budu\u0107im.<\/p>\n\n\n\n<p>Ove godine tra\u017eimo najbolje aktivnosti na regionalnom nivou<\/p>\n\n\n\n<p>Poslodavci se posljednjih godina ciljanim kampanjama u segmentu employer branding-a sve sna\u017enije pozicioniraju na regionalnom tr\u017ei\u0161tu rada. CareerCentar je prepoznao vrijednost takvih aktivnosti zbog \u010dega je 2019. godine pokrenuo projekat Best Employer Brand Awards. Projekat se odr\u017eava ve\u0107 tre\u0107u godinu, ali ove godine prvi put u regionalnoj konkurenciji.<\/p>\n\n\n\n<ul class=\"wp-block-list\"><li>Ovim projektom \u017eelimo da pove\u0107amo razumijevanje i va\u017enost teme upravljanja brendom poslodavca jer to podru\u010dje obuhvata napore i aktivnosti usmjerene na stvaranje boljih radnih mjesta i firmi u koje \u0107e zaposleni \u017eeljeti da do\u0111u i da se zadr\u017ee. Danas je dobar employer branding glavni izvor konkurentnosti na tr\u017ei\u0161tu rada, a na\u0161a je uloga da istaknemo uspje\u0161ne pojedince i kompanije koje \u0107e dobrim primjerima inspirisati druge poslodavce. Tako\u0111e nam je cilj da zajedno sa kompanijama radimo na razvoju znanja i talenata u podru\u010dju upravljanja brendom poslodavca, a nagrade \u0107e do\u0107i kao priznanje da to sve radimo sa ispravnom namjerom &#8211; pove\u0107anjem zadovoljstva zaposlenih i uspje\u0161nim ostvarivanjem poslovnih ciljeva &#8211; istakao je Vladimir Beni\u0107, osniva\u010d Best Employer Brand Awards programa.<\/li><\/ul>\n\n\n\n<p>Do kraja septembra, na ovo regionalno takmi\u010denje mogu se prijaviti firme iz osam zemalja: Bosne i Hercegovine, Crne Gore, Ma\u0111arske, Kosova*, Sjeverne Makedonije, Srbije, Slovenije i Hrvatske. Glavna nagrada je Grand Prix Adria, a bi\u0107e dodijeljen i Grand Prix za svaku pojedina\u010dnu zemlju.<\/p>\n\n\n\n<p>Najava prve regionalne employer brand konferencije<\/p>\n\n\n\n<p>Jo\u0161 jedna od novosti ove godine je Employer Branding Connect konferencija koja \u0107e biti odr\u017eana 3. decembra 2021. godine. Predava\u010di na konferenciji \u0107e biti istaknuti me\u0111unarodni stru\u010dnjaci iz podru\u010dja upravljanja brendom poslodavca, kao \u0161to su D\u017eejms Elis iz Sjedinjenih Ameri\u010dkih Dr\u017eava, \u010caru Malhotra sa iskustvima iz Unilevera i Ferrera, Klaudija Tataneli vi\u0161egodi\u0161nja glavna direktorka Universuma za SAD i Aziju, Tina Mili\u010di\u0107 iz Atlantic Grupe kao osvaja\u010d nagrade za najbolju employer brand menad\u017eerku i Fej Vudhed, vi\u0161egodi\u0161nja glavna direktorka za employer branding u Deutsche banci. Ovo je i prva prilika za povezivanje sa regionalnim stru\u010dnjacima u ovom podru\u010dju, a svi polaznici konferencije mogu ostati i na sve\u010danoj ceremoniji dodjele nagrada koja \u0107e se odr\u017eati istog dana u ve\u010dernjem terminu.<\/p>\n\n\n\n<p>Prijave su otvorene do kraja septembra, progla\u0161enje najboljih u decembru<\/p>\n\n\n\n<p>Osim Grand Prix nagrada za svaku pojedina\u010dnu zemlju i People&#8217;s Voice Award nagrade, bi\u0107e dodijeljeno 20 nagrada najboljim kompanijama u regiji. Nagrade su podijeljene prema vrstama aktivnosti, veli\u010dini firme i sektoru odnosno industriji poslovanja, a nagra\u0111uju se i najbolji regionalni employer brand tim i employer brand menad\u017eer(ka). Sve pristigle prijave razmotri\u0107e me\u0111unarodni \u017eiri kojeg \u010dine cijenjeni stru\u010dnjaci, konsultanti i profesori u oblasti ljudskih resursa i strate\u0161kog upravljanja brendom poslodavca iz cijele regije.<\/p>\n\n\n\n<p>Prijave su otvorene do 1. oktobra 2021. godine, a kompanije mogu da prijave vi\u0161e projekata i aktivnosti u razli\u010ditim kategorijama, \u010dime ujedno i pove\u0107avaju izglede za osvajanje Grand Prix nagrade.<\/p>\n\n\n\n<p>Projekat organizuje vode\u0107a regionalna platforma za online testiranje CareerCentar, medijski portal TalentBrief uz medijsko pokroviteljstvo NovaTV i Dnevnik.hr portala te poslovnog portala eKapija.<\/p>\n\n\n\n<p>Progla\u0161enje pobjednika prvih regionalnih &#8220;Best Employer Brand Awards Adria 2021&#8221; nagrada odr\u017ea\u0107e se na sve\u010danoj zavr\u0161noj ceremoniji 3. decembra 2021. godine, a vi\u0161e informacija prona\u0111ite na slu\u017ebenoj web stranici.<\/p>\n\n\n\n<p>Preuzeto sa: <a href=\"https:\/\/ba.ekapija.com\/news\/3420702\/prijave-za-najveci-regionalni-employer-branding-projekat-best-employer-brand-awards-adria\" target=\"_blank\" rel=\"noreferrer noopener\">ba.ekapija.com<\/a><\/p>\n","protected":false},"excerpt":{"rendered":"<p>Employer branding je tema kojoj se u poslednje vrijeme okre\u0107e sve vi\u0161e organizacija i firmi sa ciljem izgradnje korporativnog imid\u017ea<\/p>\n","protected":false},"author":1,"featured_media":12961,"comment_status":"closed","ping_status":"open","sticky":false,"template":"","format":"standard","meta":{"om_disable_all_campaigns":false,"_monsterinsights_skip_tracking":false,"_monsterinsights_sitenote_active":false,"_monsterinsights_sitenote_note":"","_monsterinsights_sitenote_category":0,"footnotes":""},"categories":[370],"tags":[6401,6404,6402,888,6403],"class_list":["post-12982","post","type-post","status-publish","format-standard","has-post-thumbnail","hentry","category-ostalo","tag-best-employer-brand-awards-adria","tag-employer","tag-najveci","tag-projekat","tag-regonalni"],"jetpack_featured_media_url":"https:\/\/www.mladibl.com\/wp-content\/uploads\/2021\/09\/Prijave-za-najveci-regionalni-employer-branding-projekat-Best-Employer-Brand-Awards-Adria-2021.jpg","amp_enabled":true,"_links":{"self":[{"href":"https:\/\/www.mladibl.com\/index.php?rest_route=\/wp\/v2\/posts\/12982","targetHints":{"allow":["GET"]}}],"collection":[{"href":"https:\/\/www.mladibl.com\/index.php?rest_route=\/wp\/v2\/posts"}],"about":[{"href":"https:\/\/www.mladibl.com\/index.php?rest_route=\/wp\/v2\/types\/post"}],"author":[{"embeddable":true,"href":"https:\/\/www.mladibl.com\/index.php?rest_route=\/wp\/v2\/users\/1"}],"replies":[{"embeddable":true,"href":"https:\/\/www.mladibl.com\/index.php?rest_route=%2Fwp%2Fv2%2Fcomments&post=12982"}],"version-history":[{"count":1,"href":"https:\/\/www.mladibl.com\/index.php?rest_route=\/wp\/v2\/posts\/12982\/revisions"}],"predecessor-version":[{"id":12983,"href":"https:\/\/www.mladibl.com\/index.php?rest_route=\/wp\/v2\/posts\/12982\/revisions\/12983"}],"wp:featuredmedia":[{"embeddable":true,"href":"https:\/\/www.mladibl.com\/index.php?rest_route=\/wp\/v2\/media\/12961"}],"wp:attachment":[{"href":"https:\/\/www.mladibl.com\/index.php?rest_route=%2Fwp%2Fv2%2Fmedia&parent=12982"}],"wp:term":[{"taxonomy":"category","embeddable":true,"href":"https:\/\/www.mladibl.com\/index.php?rest_route=%2Fwp%2Fv2%2Fcategories&post=12982"},{"taxonomy":"post_tag","embeddable":true,"href":"https:\/\/www.mladibl.com\/index.php?rest_route=%2Fwp%2Fv2%2Ftags&post=12982"}],"curies":[{"name":"wp","href":"https:\/\/api.w.org\/{rel}","templated":true}]}}