{"id":12903,"date":"2021-09-21T10:15:18","date_gmt":"2021-09-21T08:15:18","guid":{"rendered":"https:\/\/www.mladibl.com\/?p=12903"},"modified":"2021-09-21T10:15:20","modified_gmt":"2021-09-21T08:15:20","slug":"transformacijski-lokalni-projekti-za-2022-godinu","status":"publish","type":"post","link":"https:\/\/www.mladibl.com\/?p=12903","title":{"rendered":"Transformacijski lokalni projekti za 2022. godinu"},"content":{"rendered":"\n<p>\u200bAmbasada Republike \u010ce\u0161ke u BiH objavila je Poziv za podno\u0161enje prijava za transformacijske lokalne projekte za 2022. godinu. Rok za dostavljanje prijava je 8. oktobar 2021. godine do 12:00 \u010dasova.<\/p>\n\n\n\n<p>Ciljevi transformacijskih lokalnih projekata su:<\/p>\n\n\n\n<ul class=\"wp-block-list\"><li>podr\u0161ka civilnom dru\u0161tvu;<\/li><li>podr\u0161ka slobodi izra\u017eavanja i pristupu informacijama, uklju\u010duju\u0107i i slobodu medija;<\/li><li>promocija jednakog i maksimalnog u\u010destvovanja u politi\u010dkom i javnom \u017eivotu;<\/li><li>promocija institucionalne izgradnje vladavine prava;<\/li><li>promocija jednakosti i nediskriminacije;<\/li><li>promocija ljudskih prava u temama spojenim sa zapo\u0161ljavanjem i za\u0161titom \u017eivotne sredine.<\/li><\/ul>\n\n\n\n<p>Na predmetni poziv mogu se prijaviti pravni subjekti \u010dija osnovna djelatnost nije dobit: op\u0161tinske\/gradske, regionalne ili dr\u017eavne institucije, nevladine organizacije, akademske ustanove ili agencije koje rade na lokalnim projektima, organizacije lokalne zajednice itd.<\/p>\n\n\n\n<p>Maksimalan iznos granta je 26 000 KM po projektnom prijedlogu.<\/p>\n\n\n\n<p>Detaljne informacije dostupne su <strong><a href=\"https:\/\/www.mzv.cz\/sarajevo\/bs\/Razvojna_saradnja\/projekti_tranzicijske_saradnje\/x2021_09_09_poziv_za_podnosenje_zahtjeva_za.html\" target=\"_blank\" rel=\"noreferrer noopener\">OVDJE<\/a><\/strong>.<\/p>\n\n\n\n<p>Transformacijski lokalni projekti su sastavni dio razvojne saradnje Republike \u010ce\u0161ke u BiH i implementiraju se programom grantova kojim upravlja Ambasada Republike \u010ce\u0161ke u Sarajevu.<\/p>\n\n\n\n<p>Preuzeto sa: <a href=\"https:\/\/vladars.net\/sr-SP-Cyrl\/Vlada\/Ministarstva\/meoi\/media\/Vijesti\/Pages\/Transformacijski-lokalni-projekti-za-2022.-godinu.aspx\" target=\"_blank\" rel=\"noreferrer noopener\">Ministarstvo za evropske integracije i me\u0111unarodnu saradnju<\/a><\/p>\n","protected":false},"excerpt":{"rendered":"<p>\u200bAmbasada Republike \u010ce\u0161ke u BiH objavila je Poziv za podno\u0161enje prijava za transformacijske lokalne projekte za 2022. godinu. Rok za<\/p>\n","protected":false},"author":1,"featured_media":12891,"comment_status":"closed","ping_status":"open","sticky":false,"template":"","format":"standard","meta":{"om_disable_all_campaigns":false,"_monsterinsights_skip_tracking":false,"_monsterinsights_sitenote_active":false,"_monsterinsights_sitenote_note":"","_monsterinsights_sitenote_category":0,"footnotes":""},"categories":[7],"tags":[39,1250,6370],"class_list":["post-12903","post","type-post","status-publish","format-standard","has-post-thumbnail","hentry","category-grantovi","tag-ceska","tag-lokalni-projekti","tag-transformacijski"],"jetpack_featured_media_url":"https:\/\/www.mladibl.com\/wp-content\/uploads\/2021\/09\/Transformacijski-lokalni-projekti-za-2022.-godinu.jpg","amp_enabled":true,"_links":{"self":[{"href":"https:\/\/www.mladibl.com\/index.php?rest_route=\/wp\/v2\/posts\/12903","targetHints":{"allow":["GET"]}}],"collection":[{"href":"https:\/\/www.mladibl.com\/index.php?rest_route=\/wp\/v2\/posts"}],"about":[{"href":"https:\/\/www.mladibl.com\/index.php?rest_route=\/wp\/v2\/types\/post"}],"author":[{"embeddable":true,"href":"https:\/\/www.mladibl.com\/index.php?rest_route=\/wp\/v2\/users\/1"}],"replies":[{"embeddable":true,"href":"https:\/\/www.mladibl.com\/index.php?rest_route=%2Fwp%2Fv2%2Fcomments&post=12903"}],"version-history":[{"count":1,"href":"https:\/\/www.mladibl.com\/index.php?rest_route=\/wp\/v2\/posts\/12903\/revisions"}],"predecessor-version":[{"id":12904,"href":"https:\/\/www.mladibl.com\/index.php?rest_route=\/wp\/v2\/posts\/12903\/revisions\/12904"}],"wp:featuredmedia":[{"embeddable":true,"href":"https:\/\/www.mladibl.com\/index.php?rest_route=\/wp\/v2\/media\/12891"}],"wp:attachment":[{"href":"https:\/\/www.mladibl.com\/index.php?rest_route=%2Fwp%2Fv2%2Fmedia&parent=12903"}],"wp:term":[{"taxonomy":"category","embeddable":true,"href":"https:\/\/www.mladibl.com\/index.php?rest_route=%2Fwp%2Fv2%2Fcategories&post=12903"},{"taxonomy":"post_tag","embeddable":true,"href":"https:\/\/www.mladibl.com\/index.php?rest_route=%2Fwp%2Fv2%2Ftags&post=12903"}],"curies":[{"name":"wp","href":"https:\/\/api.w.org\/{rel}","templated":true}]}}