{"id":1289,"date":"2020-04-22T18:19:33","date_gmt":"2020-04-22T16:19:33","guid":{"rendered":"http:\/\/www.mladibl.com\/?p=1289"},"modified":"2020-04-22T18:19:35","modified_gmt":"2020-04-22T16:19:35","slug":"otvorena-krajiska-kuca-na-policama-300-domacih-proizvoda","status":"publish","type":"post","link":"https:\/\/www.mladibl.com\/?p=1289","title":{"rendered":"Otvorena \u201eKraji\u0161ka ku\u0107a\u201c: Na policama 300 doma\u0107ih proizvoda"},"content":{"rendered":"\n<p>U Banjoj Luci je danas otvorena \u201eKraji\u0161ka ku\u0107a\u201c, prva prodavnica poljoprivrednih proizvoda sa podru\u010dja na\u0161e regije. Na policama ovog objekta nalazi se gotovo 300 proizvoda oko 50 proizvo\u0111a\u010da doma\u0107e hrane sa podru\u010dja Banje Luke i Krajine.<\/p>\n\n\n\n<p>Gradona\u010delnik Igor Radoji\u010di\u0107, koji je sve\u010dano otvorio \u201eKraji\u0161ku ku\u0107u\u201c, kazao je da je ovo lijep poklon gradu za njegov ro\u0111endan.<\/p>\n\n\n\n<p>-Banja Luka je i selo, i poljoprivredna proizvodnja i ruralni razvoj. \u201eKraji\u0161ka ku\u0107a\u201c je ne\u0161to autenti\u010dno, \u010dime \u017eelimo da podstaknemo doma\u0107u proizvodnju i promovi\u0161emo doma\u0107i proizvod \u2013 istakao je on.<\/p>\n\n\n\n<p>Kako je naveo, u planu je pro\u0161irenje ovog objekta odnosno ure\u0111enje novih objekata u kojima bi se prodavala roba ne\u0161to kra\u0107eg roka trajanja.<\/p>\n\n\n\n<p>-Cilj nam je da se dalje razvija doma\u0107a proizvodnja, da imamo standardizaciju i kvalitet \u0161to je preduslov da proizvod privu\u010de i doma\u0107eg i stranog kupca \u2013 kazao je Radoji\u010di\u0107.<\/p>\n\n\n\n<p>On je najavio da je u planu da se \u201eKraji\u0161ka ku\u0107a\u201c otvori i u Trebinju, kako bi se proizvodi odavde plasirali i na tr\u017ei\u0161tu gdje tradicionalno ima puno gostiju.<\/p>\n\n\n\n<p>Direktor  Centra za razvoj poljoprivrede i sela, Dra\u0161ko Ili\u0107 rekao je da su uz veliku podr\u0161ku Grada, otvorili objekat gdje \u0107e na\u0161i poljoprivredni proizvo\u0111a\u010di mo\u0107i da izlo\u017ee svoje proizvode.<\/p>\n\n\n\n<p>-O\u010dekujemo uve\u0107anje broja poljoprivrednih proizvo\u0111a\u010da i prera\u0111iva\u010da i samim tim proizvoda koje \u0107e ovdje izlagati. Poljoprivredni proizvo\u0111a\u010di su dobili mjesto gdje mogu da izlo\u017ee svoje proizvode,  a sugra\u0111ani i turisti mjesto gdje mogu kupiti doma\u0107i proizvode \u2013 zaklju\u010dio je Ili\u0107.<\/p>\n\n\n\n<p>Ministar poljoprivrede, vodoprivrede i \u0161umarstva  u Vladi RS, Boris Pa\u0161ali\u0107 kazao je da je ovo lijepa ideja, koja ima za cilj da dovede u vezu proizvo\u0111a\u010de i potro\u0161a\u010de.<\/p>\n\n\n\n<p>-Aktuelna situacija sa epidemijom korona virusa najbolje je pokazala koliko je va\u017ena proizvodnja hrane za jedan grad ili dr\u017eavu \u2013 naglasio je Pa\u0161ali\u0107.<\/p>\n\n\n\n<p>Na policama \u201eKraji\u0161ke ku\u0107e\u201c kupci mogu da kupe isklju\u010divo doma\u0107e proizvode i hranu organskog porijekla, i to: sireve, med, \u010dajeve, sokove, d\u017eemove, vina, rakije, suhomesnate proizvode, te veliki izbor kozmeti\u010dkih proizvoda kao \u0161to su melemi, eteri\u010dna ulja, biljne kapi i sli\u010dno.<\/p>\n\n\n\n<p>Trenutno, radno vrijeme bi\u0107e od 8 do 18 \u010dasova radnim danima, kako je i odre\u0111eno odlukama \u0160taba za vanredne situacije.<\/p>\n\n\n\n<p>Skup\u0161tina grada je u decembru pro\u0161le godine dodijelila prostor Centru za razvoj i unapre\u0111enja sela za osnivanje \u201eKraji\u0161ke ku\u0107e\u201c na Bulevaru cara Du\u0161ana, preko puta Tr\u017enice.<\/p>\n\n\n\n<p>U blizini \u201eKraji\u0161ke ku\u0107e\u201c pro\u0161log aprila je po\u010dela sa radom i \u201eHercegova\u010dka ku\u0107a\u201c u Banjoj Luci, koja nudi posjetiocima proizvode iz velike gastronomske ponude Hercegovine \u2013 razne vrste vina, sireva, meda, \u010dajeva, pr\u0161uta, slatkog i kiselog programa, kao i  prirodnu kozmetiku, proizvedenu bez vje\u0161ta\u010dkih aditiva i aroma.<\/p>\n\n\n\n<figure class=\"wp-block-image\"><img loading=\"lazy\" decoding=\"async\" width=\"1024\" height=\"682\" src=\"http:\/\/www.mladibl.com\/wp-content\/uploads\/2020\/04\/Otvorena-Kraji\u0161ka-ku\u0107a-Na-policama-300-doma\u0107ih-proizvoda-2-1024x682.jpg\" alt=\"\" class=\"wp-image-1290\" srcset=\"https:\/\/www.mladibl.com\/wp-content\/uploads\/2020\/04\/Otvorena-Kraji\u0161ka-ku\u0107a-Na-policama-300-doma\u0107ih-proizvoda-2-1024x682.jpg 1024w, https:\/\/www.mladibl.com\/wp-content\/uploads\/2020\/04\/Otvorena-Kraji\u0161ka-ku\u0107a-Na-policama-300-doma\u0107ih-proizvoda-2-300x200.jpg 300w, https:\/\/www.mladibl.com\/wp-content\/uploads\/2020\/04\/Otvorena-Kraji\u0161ka-ku\u0107a-Na-policama-300-doma\u0107ih-proizvoda-2-768x511.jpg 768w, https:\/\/www.mladibl.com\/wp-content\/uploads\/2020\/04\/Otvorena-Kraji\u0161ka-ku\u0107a-Na-policama-300-doma\u0107ih-proizvoda-2.jpg 1200w\" sizes=\"auto, (max-width: 1024px) 100vw, 1024px\" \/><\/figure>\n\n\n\n<p>Preuzeto sa: <a href=\"http:\/\/www.banjaluka.rs.ba\/%d0%be%d1%82%d0%b2%d0%be%d1%80%d0%b5%d0%bd%d0%b0-%d0%ba%d1%80%d0%b0%d1%98%d0%b8%d1%88%d0%ba%d0%b0-%d0%ba%d1%83%d1%9b%d0%b0-%d0%bd%d0%b0-%d0%bf%d0%be%d0%bb%d0%b8%d1%86%d0%b0%d0%bc\/\" target=\"_blank\" rel=\"noreferrer noopener\" aria-label=\"Grad Banja Luka (opens in a new tab)\">Grad Banja Luka<\/a><\/p>\n","protected":false},"excerpt":{"rendered":"<p>U Banjoj Luci je danas otvorena \u201eKraji\u0161ka ku\u0107a\u201c, prva prodavnica poljoprivrednih proizvoda sa podru\u010dja na\u0161e regije. Na policama ovog objekta<\/p>\n","protected":false},"author":1,"featured_media":1291,"comment_status":"closed","ping_status":"open","sticky":false,"template":"","format":"standard","meta":{"om_disable_all_campaigns":false,"_monsterinsights_skip_tracking":false,"_monsterinsights_sitenote_active":false,"_monsterinsights_sitenote_note":"","_monsterinsights_sitenote_category":0,"footnotes":""},"categories":[2],"tags":[53,553],"class_list":["post-1289","post","type-post","status-publish","format-standard","has-post-thumbnail","hentry","category-vijesti","tag-banja-luka","tag-krajiska-kuca"],"jetpack_featured_media_url":"https:\/\/www.mladibl.com\/wp-content\/uploads\/2020\/04\/Otvorena-Kraji\u0161ka-ku\u0107a-Na-policama-300-doma\u0107ih-proizvoda.jpg","amp_enabled":true,"_links":{"self":[{"href":"https:\/\/www.mladibl.com\/index.php?rest_route=\/wp\/v2\/posts\/1289","targetHints":{"allow":["GET"]}}],"collection":[{"href":"https:\/\/www.mladibl.com\/index.php?rest_route=\/wp\/v2\/posts"}],"about":[{"href":"https:\/\/www.mladibl.com\/index.php?rest_route=\/wp\/v2\/types\/post"}],"author":[{"embeddable":true,"href":"https:\/\/www.mladibl.com\/index.php?rest_route=\/wp\/v2\/users\/1"}],"replies":[{"embeddable":true,"href":"https:\/\/www.mladibl.com\/index.php?rest_route=%2Fwp%2Fv2%2Fcomments&post=1289"}],"version-history":[{"count":1,"href":"https:\/\/www.mladibl.com\/index.php?rest_route=\/wp\/v2\/posts\/1289\/revisions"}],"predecessor-version":[{"id":1292,"href":"https:\/\/www.mladibl.com\/index.php?rest_route=\/wp\/v2\/posts\/1289\/revisions\/1292"}],"wp:featuredmedia":[{"embeddable":true,"href":"https:\/\/www.mladibl.com\/index.php?rest_route=\/wp\/v2\/media\/1291"}],"wp:attachment":[{"href":"https:\/\/www.mladibl.com\/index.php?rest_route=%2Fwp%2Fv2%2Fmedia&parent=1289"}],"wp:term":[{"taxonomy":"category","embeddable":true,"href":"https:\/\/www.mladibl.com\/index.php?rest_route=%2Fwp%2Fv2%2Fcategories&post=1289"},{"taxonomy":"post_tag","embeddable":true,"href":"https:\/\/www.mladibl.com\/index.php?rest_route=%2Fwp%2Fv2%2Ftags&post=1289"}],"curies":[{"name":"wp","href":"https:\/\/api.w.org\/{rel}","templated":true}]}}