{"id":1283,"date":"2020-04-20T17:54:47","date_gmt":"2020-04-20T15:54:47","guid":{"rendered":"http:\/\/www.mladibl.com\/?p=1283"},"modified":"2020-04-22T17:55:03","modified_gmt":"2020-04-22T15:55:03","slug":"zivot-studenta-na-razmjena-u-spaniji-u-jeku-pandemije-korona-virusa","status":"publish","type":"post","link":"https:\/\/www.mladibl.com\/?p=1283","title":{"rendered":"\u017divot studenta na razmjena u \u0160paniji u jeku pandemije korona virusa"},"content":{"rendered":"\n<p>U jeku \u0161irenja koronavirusa,\nnekolicina na\u0161ih studenata na\u0161la se u zemljama \u0161irom Evrope na studentskim\nrazmjenama. Mnogima od nas te\u0161ko pada boravak u na\u0161im ku\u0107ama, a kako to izgleda\nkada vas pandemija zatekne vi\u0161e hiljada kilometara daleko od ku\u0107e, pri\u010da nam\nMilo\u0161 Kuzmanovi\u0107, student banjalu\u010dkog Ekonomskog fakulteta koji je trenutno na\nrazmjeni u \u0160paniji.<\/p>\n\n\n\n<p><strong>Milo\u0161e,\nti si na studentskoj razmjeni u Granadi, \u0160paniji. Mo\u017ee\u0161 li nam opisati kako si\ndo\u0161ao tamo?<\/strong><\/p>\n\n\n\n<p>Tako je. U \u0160paniju sam stigao\nsredinom februara radi obavljanja studentske razmjene na Univerzitetu u\nGranadi. Sam dolazak ovdje nije bio previ\u0161e naporan. Letio sam iz Zagreba za\nMadrid, gdje sam imao nepunih&nbsp; sat\nvremena za presjedanje na direktan let za Granadu. <br>\nMoram priznati da sam se prili\u010dno dobro sna\u0161ao i da sam, na sre\u0107u, stigao na\ntaj let bez problema tako da je moje putovanje trajalo svega 5 sati. <\/p>\n\n\n\n<p><strong>Kakvi\nsu ti bili utisci o \u0160paniji i studiranju tamo prije nego \u0161to je zapo\u010dela kriza\nsa koronavirusom?<\/strong><\/p>\n\n\n\n<p>Mogu da po\u010dnem sa tim da se u \u0160paniji osje\u0107am kao kod ku\u0107e. Ljudi su veoma prijatni, susretljivi i uvijek vam \u017eele pomo\u0107i. Pored toga, sam jug \u0160panije je ve\u0107im dijelom godine okupan suncem tako da sam u februaru imao priliku da osjetim odlike mediteranske klime i prili\u010dno visokih 30 stepeni. Studiji na Univerzitetu u Granadi su prije svega veoma dobro organizovani i studentima otvaraju veliki broj mogu\u0107nosti. Od toga da je unaprijed mogu\u0107e organizovati vrijeme i aktivnosti za teku\u0107i semestar, do mogu\u0107nosti besplatne posjete spomenicima kulture, velikog broj razli\u010ditih popusta i sli\u010dno. To su neke od stvari koje su va\u017ene za studente, pored samog procesa nastave koji je izuzetno kvalitetan. On podrazumijeva kontinuiran rad na razli\u010ditim projektima i veliki broj prakti\u010dnih aktivnosti, izradu studija slu\u010daja i posebno bih naglasio pra\u0107enje aktuelnih tema u svijetu vezano za predmet \u010diju teoriju obra\u0111ujemo. To bih posebno napomenuo jer studiram ekonomiju koja u situacijama kao \u0161to je ova, trpi velike promjene koje je va\u017eno pratiti, da bi se mogli donositi zaklju\u010dci o njima u toku same nastave. <\/p>\n\n\n\n<p><strong>Kako\nje izgledao po\u010detak same krize? Da li su odmah uvedene rigorizne mjere kao kod\nnas ili je u \u0160paniji epidemiji pristupljeno opu\u0161tenije?<\/strong><\/p>\n\n\n\n<p>Po\u010detkom marta, u \u0160paniji je\nregistrovan prvi slu\u010daj zara\u017eene osobe. S obzirom na to da se Granada nalazi u\nAndaluziji koja je na krajnjem jugu \u0160panije, nisu se osjetile velike promjene u\nkratkom roku. Oko 10. marta sam po\u010deo da primje\u0107ujem da ljudi kupuju i nose\nmaske na ulicama, kao i da u apotekama vlada oskudica istih. Nije bilo konkretnih\nmjera do 15. marta, kada je ve\u0107 bilo evidentno da je virus uzeo maha. Od tog\ndana su uvedene najrigoroznije mjere zabrane kretanja, uz mogu\u0107nost odlaska\nsamo u supermarket ili apoteku kada je to neophodno. <\/p>\n\n\n\n<p><strong>Situacija\nu \u0160paniji je jedna od najkriti\u010dnijih u Evropi. Kakve su mjere na snazi u\n\u0160paniji i da li ima\u0161 nastavu?<\/strong><\/p>\n\n\n\n<p>Potpuno je jasno da je situacija\nnajkriti\u010dnija jer je broj oboljelih prerastao i slu\u010daj Italije. Mjere koje su\nna snazi su iste onim koje sam naveo i apeluje se na ljude da ostanu kod ku\u0107e i\nodlaze u supermarkete samo kada je nu\u017eno. Fakultet je zatvoren 13. marta kada\nje ve\u0107 bilo jasno da \u0107e biti uvedene odre\u0111ene restrikcije kretanja. Nastava je\norganizovana odmah od 16. marta ili prvog ponedjeljka od kada su pomenute mjere\nna snazi. Odr\u017eava se putem interneta, kori\u0161tenjem savremenih platformi za\nonline u\u010denje i do sada nije bilo nikakvih problema.<\/p>\n\n\n\n<p><strong>Da\nli su ljudi disciplinovani i po\u0161tuju mjere?<\/strong><\/p>\n\n\n\n<p>Ljudi su veoma disciplinovani i\npo\u0161tuju mjere, jer je svima u interesu da se ove okolnosti \u0161to prije prebrode.\nTako\u0111e su odre\u0111ene i visoke kazne za prestupnike koje polaze od 500 pa i do\n3000\u20ac samo za izlazak bez jasnog razloga ili odre\u0111enog dopu\u0161tenja.<\/p>\n\n\n\n<p><strong>Da\nli prati\u0161 \u0161ta se de\u0161ava ku\u0107i?<\/strong><\/p>\n\n\n\n<p>Naravno, trudim se da ispratim. U\nsvakodnevnom sam kontaktu sa roditeljima i prijateljima, pa sam upoznat sa\nde\u0161avanjima. Li\u010dno potenciram vi\u0161e razgovora o drugim temama jer smatram da ako\nse samo pri\u010da o pandemiji i negativnostima, samo stvaramo jo\u0161 ve\u0107u, bespotrebnu\npaniku.<\/p>\n\n\n\n<p><strong>Kakva\nje bila reakcija tvojih roditelja na tvoju odluku da ostane\u0161 u \u0160paniji uprkos\npandemiji koronavirusa?<\/strong><\/p>\n\n\n\n<p>Kako sam ranije i naveo, u \u0160paniji\nje za vrlo kratko vrijeme situacija postala veoma ozbiljna. Glavna mjesta\nzaraze su postali aerodromi, tako da i nisam bio siguran u to da bi bila dobra\nodluka krenuti nazad ku\u0107i. S druge strane, u tom periodu su zatvorene granice\nzemalja EU za strane dr\u017eavljane, \u0161to fakti\u010dki zna\u010di da bih imao velikih\nproblema oko pronalaska na\u010dina da uop\u0161te do\u0111em ku\u0107i. Logi\u010dna i jedina preostala\nodluka je bila da ostanem ovdje i \u010dekam da li \u0107e se neko od nadle\u017enih\ninstitucija obratiti povodom okolnosti koje su zadesile, kako mene tako i druge\nstudente iz Republike Sprske koji u \u0160paniji obavljaju studentsku razmjenu ili\ndruge povezane aktivnosti. Roditelji su me naravno podr\u017eali i razumjeli moju\nodluku. <\/p>\n\n\n\n<p><strong>\u0160ta\nte najvi\u0161e zabrinjava u vezi sa tvojom konkretnom situacijom?<\/strong><\/p>\n\n\n\n<p>U sedmici iza nas, primjetno je\nopadanje broja oboljelih \u0161to ohrabruje. Tako\u0111e, postoje i naznake da \u0107e se\npostepeno ukidati uvedene restrikcije koje bi trebale biti na snazi do 26.\naprila. Sveukupnu situaciju do\u017eivljavam prili\u010dno smireno i nisam mnogo zabrinut.\nSiguran sam da \u0107e vlada \u0160panije postupiti na najbolji mogu\u0107i na\u010din u zavisnosti\nod toga kako se bude razvijala situacija idu\u0107ih dana.<\/p>\n\n\n\n<p><strong>Da\nli ti je ponu\u0111ena pomo\u0107 od strane na\u0161e dr\u017eave?<\/strong><\/p>\n\n\n\n<p>Jeste. Vlada Republike Srpske je\nobezbijedila finansijsku pomo\u0107 za sve studente univerziteta iz Republike Srpske\nkoji obavljaju neki vid studentske razmjene, prakse ili drugih aktivnosti.\nFiksni tro\u0161kovi se nisu mijenjali i pored svega svakako imamo tro\u0161kove\nsmje\u0161taja i druge osnovne tro\u0161kove. U tom smislu je svaka pomo\u0107 dobrodo\u0161la, te\nim se ovom prilikom javno zahvaljujem.<br><\/p>\n\n\n\n<p><strong>Kako\nprovodi\u0161 dane u izolaciji, ako si u istoj?<\/strong><\/p>\n\n\n\n<p>Rekao bih da dane u izolaciji provodim na najbolji mogu\u0107i na\u010din. Pored redovnih aktivnosti, onlajn predavanja i obaveza za predmete koje slu\u0161am, imam mnogo vremena i za mnoge druge stvari. Dan mi obi\u010dno po\u010dinje ranije i trudim se da mnogo \u010ditam sve ono za \u0161ta mi u normalnim okolnostima obi\u010dno nedostaje vremena. Pored toga, u\u010dim \u0161panski jezik i slu\u0161am veliki broj podkasta. S vremena na vrijeme pogledam neki film ili seriju. U ovakvim okolnostima mi se probudila \u017eelja za eksperimentisanjem u kuhinji. Nekada se desi da kuham i 2 do 3 puta dnevno. Treniram gotovo svaki dan i eto moj dan se vrlo brzo ispuni. Moram priznati da mi nekad ponestane vremena da obavim sve \u0161to sam zamislio.<\/p>\n\n\n\n<p><strong>Da\nli si razmi\u0161ljao o tome kako \u0107e\u0161 do\u0107i ku\u0107i ukoliko kriza zbog koronavirusa\npotraje do kraja programa razmjene?<\/strong><\/p>\n\n\n\n<p>Najiskrenije se nadam da se\npandemiji bli\u017ei kraj te da \u0107e se situacija smiriti u skorije vrijeme. Ukoliko\nse to ne desi, u kontaktu sam sa ljudima u Vladi zadu\u017eenim za pitanje studenata\nvan Republike Srpske koji su nam se stavili na raspolaganje oko svih nedoumica.\nUvjeren sam da bismo na\u0161li zajedni\u010dko rje\u0161enje ali opet ponavljam, nadam se da\n\u0107e se situacija smiriti te da ne\u0107e ni biti potrebe za razmi\u0161ljanjem o tom\npitanju. <\/p>\n\n\n\n<p><strong>Za kraj, ima\u0161 li neku poruku za \u010ditaoce ovog intervjua?<\/strong><\/p>\n\n\n\n<p>Svakako bih svima poru\u010dio da ostanu kod ku\u0107e i ne dovode u opasnost sebe i svoje najbli\u017ee. Za sve one koji su pro\u010ditali intervju do kraja mogu da poru\u010dim da su o\u010digledno bili veoma strpljivi i uporni, a to su dve osobine koje su nam izuzetno potrebne da prevazi\u0111emo ovu nevolju. Ukoliko se budemo pona\u0161ali odgovorno i po\u0161tovali mjere koje su uvedene, u mnogo kra\u0107em periodu mo\u017eemo o\u010dekivati dobre rezultate. Posvetite se sebi, radite one stvari za koje ustaljeni re\u017eim ne ostavlja dovoljno vremena. \u010citajte. Radite na sebi ili jednostavno radite sve \u0161to vam je na volji sve dok po\u0161tujete uvedena ograni\u010denja i ne ugro\u017eavate druge. Oprez je veoma potreban, ali ne i panika.<\/p>\n\n\n\n<p>Izvor: <a href=\"http:\/\/www.cerk.info\" target=\"_blank\" rel=\"noreferrer noopener\" aria-label=\"CERK (opens in a new tab)\">CERK<\/a><\/p>\n","protected":false},"excerpt":{"rendered":"<p>U jeku \u0161irenja koronavirusa, nekolicina na\u0161ih studenata na\u0161la se u zemljama \u0161irom Evrope na studentskim razmjenama. Mnogima od nas te\u0161ko<\/p>\n","protected":false},"author":1,"featured_media":1284,"comment_status":"closed","ping_status":"open","sticky":false,"template":"","format":"standard","meta":{"om_disable_all_campaigns":false,"_monsterinsights_skip_tracking":false,"_monsterinsights_sitenote_active":false,"_monsterinsights_sitenote_note":"","_monsterinsights_sitenote_category":0,"footnotes":""},"categories":[370],"tags":[550,332,548,549],"class_list":["post-1283","post","type-post","status-publish","format-standard","has-post-thumbnail","hentry","category-ostalo","tag-cerk","tag-korona-virus","tag-spanija","tag-zivot-studenta"],"jetpack_featured_media_url":"https:\/\/www.mladibl.com\/wp-content\/uploads\/2020\/04\/\u017divot-studenata-na-razmjeni-u-\u0160paniji-u-jeku-pandemije-korona-virusa.png","amp_enabled":true,"_links":{"self":[{"href":"https:\/\/www.mladibl.com\/index.php?rest_route=\/wp\/v2\/posts\/1283","targetHints":{"allow":["GET"]}}],"collection":[{"href":"https:\/\/www.mladibl.com\/index.php?rest_route=\/wp\/v2\/posts"}],"about":[{"href":"https:\/\/www.mladibl.com\/index.php?rest_route=\/wp\/v2\/types\/post"}],"author":[{"embeddable":true,"href":"https:\/\/www.mladibl.com\/index.php?rest_route=\/wp\/v2\/users\/1"}],"replies":[{"embeddable":true,"href":"https:\/\/www.mladibl.com\/index.php?rest_route=%2Fwp%2Fv2%2Fcomments&post=1283"}],"version-history":[{"count":1,"href":"https:\/\/www.mladibl.com\/index.php?rest_route=\/wp\/v2\/posts\/1283\/revisions"}],"predecessor-version":[{"id":1285,"href":"https:\/\/www.mladibl.com\/index.php?rest_route=\/wp\/v2\/posts\/1283\/revisions\/1285"}],"wp:featuredmedia":[{"embeddable":true,"href":"https:\/\/www.mladibl.com\/index.php?rest_route=\/wp\/v2\/media\/1284"}],"wp:attachment":[{"href":"https:\/\/www.mladibl.com\/index.php?rest_route=%2Fwp%2Fv2%2Fmedia&parent=1283"}],"wp:term":[{"taxonomy":"category","embeddable":true,"href":"https:\/\/www.mladibl.com\/index.php?rest_route=%2Fwp%2Fv2%2Fcategories&post=1283"},{"taxonomy":"post_tag","embeddable":true,"href":"https:\/\/www.mladibl.com\/index.php?rest_route=%2Fwp%2Fv2%2Ftags&post=1283"}],"curies":[{"name":"wp","href":"https:\/\/api.w.org\/{rel}","templated":true}]}}