{"id":12802,"date":"2021-09-17T10:27:06","date_gmt":"2021-09-17T08:27:06","guid":{"rendered":"https:\/\/www.mladibl.com\/?p=12802"},"modified":"2021-09-17T11:14:11","modified_gmt":"2021-09-17T09:14:11","slug":"poezija-petkom-mladen-milasinovic","status":"publish","type":"post","link":"https:\/\/www.mladibl.com\/?p=12802","title":{"rendered":"Poezija petkom: Mladen Mila\u0161inovi\u0107"},"content":{"rendered":"\n<p>Mladen Mila\u0161inovi\u0107 ro\u0111en je 4. juna 1999. godine u Mrkonji\u0107 Gradu, a kako ka\u017ee, najbolje ga je opisala jedna djevojka.<\/p>\n\n\n\n<p><em>&#8220;Mladena bih poku\u0161ala da opi\u0161em kao nekoga ko ne pripada ovom svetu, sistemu i pravilima. Mrzi pravila. Mrzi kalupe. Mrzi sve \u0161to li\u010de jedni na druge. Kao najne\u017enije bi\u0107e koje \u0107e retko kome tu ne\u017enost da poka\u017ee. Ili nikome. Njegova ne\u017enost je drska. Njegova drskost je ne\u017ena, ali brutalna. Iskreno\u0161\u0107u mo\u017ee da vas pokopa. Ili da vam otvori o\u010di. To ve\u0107 zavisi od vas. Njegove re\u010di se uvla\u010de do najsitnijih atoma bi\u0107a, usa\u0111uju se i rastu sa vama. On je buntovnik. Revolucija. Prekretnica u poeziji. \u010citala sam deo knjige koju objavljuje krajem godine i mislim da jo\u0161 niste svesni o kakvom umetniku se zapravo radi. Sad se verovatno mr\u0161ti, jer sam ga nazvala umetnikom. Mrzi umetnike. Opisala bih ga kao ljubav. Kao mog i kad nije moj. Sad se verovatno nasmejao, pa ispovra\u0107ao na ovu ne\u017enost. E to je Mladen. Sa njim je uvek te\u0161ko, ali je uvek lepo\u201c<\/em> , rije\u010di su djevojke.<\/p>\n\n\n\n<p>Njega na dru\u0161tvenim mre\u017eama prati oko 50 hiljada ljudi i podr\u017eavaju njegov rad <strong><a href=\"https:\/\/www.instagram.com\/ljubicanstvenost\/\" target=\"_blank\" rel=\"noreferrer noopener\">https:\/\/www.instagram.com\/ljubicanstvenost\/<\/a><\/strong>.<\/p>\n\n\n\n<p>vozim je ku\u0107i<br>molim semafor kod hotela da izbaci crveno<br>i ovaj put mi se posre\u0107ilo<br>dva minuta<br>sto dvadeset sekundi<br>dovoljno vremena za jednu partiju<br>u igri koju je igrala o\u010dima<br>i kad bih izgubio<br>osje\u0107ao bih se kao pobjednik<br>i eto taman da nas propa\u0161\u0107u nazovem<br>u\u0107utka me poljupcem<br>sad je zeleno<br>ali to vi\u0161e nije ni va\u017eno<\/p>\n\n\n\n<blockquote class=\"wp-block-quote is-layout-flow wp-block-quote-is-layout-flow\"><p>\u201ePoezija je sranje. Ili barem ovo \u0161to se naziva poezijom. Nekad sam je i pisao, sad je samo povra\u0107am. Ne toliko \u010desto. Povra\u0107am na papir tako neke rije\u010di \u0161to mi smetaju u grlu. I to dobije neki smisao. Ne dobije ba\u0161 svaki put, ali i to je u redu. Ne mogu ni svi sve da razumiju. Nekad je bolje progutati, ali ja ne mogu. Moram da ispljunem. Nisam taj. Nekad bih volio da jesam. Jedva \u010dekam da objavim knjigu i da prestanem sa pisanjem. Mo\u017eda i ne prestanem. Ne zavisi od mene. Komplikovan. Sve u svemu, nemojte da pi\u0161ete poeziju. Poezija je sranje. Osim ako ne morate.\u201c<\/p><\/blockquote>\n\n\n\n<p>ima taj neki nenormalan poriv da popravlja mu\u0161karce<br>prigrli sve \u0161to je o\u0161te\u0107eno na bilo koji na\u010din<br>pa ne ispu\u0161ta dok ne popravi<br>prerano je odrasla iako je dijete u du\u0161i<br>samo nekako nema s kim da se igra<br>sve \u0161to zna je sama nau\u010dila<br>ili kad se opekne ili na ulici<br>glumila je majku svima i u svim odnosima<br>dok je vrijeme ne umori<br>pa iz najbolje namjere<br>povrije\u0111ena zavr\u0161i<\/p>\n\n\n\n<p>pa i nije mi toliko \u017eao<br>jer znam da su je ta de\u0161avanja sagradila<br>sve te borbe su je odlikovale<br>a nije kao da ih nije bilo mnogo<br>morala je ba\u0161 da propati da bi bila to \u0161to jeste<br>sve u svemu danas jedno divno stvorenje<br>njeno nepovjerenje je njeno breme<br>i tad sam shvatio da je tuga va\u017ean dio razvoja<br>mislim da ljudi koji nisu pro\u0161li kroz patnju<br>nemaju pravo da tek tako pri\u010daju o \u017eivotu<\/p>\n\n\n\n<p><em>ti jesi poreme\u0107en u neku ruku<br>ali nisi ni trun nestabilan<br>ne moram da te popravljam toliko<br>dok vidim da ti mene itekako mo\u017ee\u0161<br>niko od njih nije mogao<br>jer jebeno nemaju \u010dime<br>samo sam ja popravljala<br>dok me ne iscjedi\u0161e kao krpu<br>mi to uzajamno radimo<br>prilagodljiv si<br>nisi zatucan<br>ne prenosi\u0161 na mene<br>svoje frustracije<br>iako vidim da ih ima\u0161 povremeno<br>i kad mi pri\u010da\u0161 o sranjima<br>ne pro\u017eivljavam ih<br>ne optere\u0107uje\u0161 me<br>ne bje\u017ei\u0161 od mene<br>iako sam ti se pokazala<br>u pravom svjetlu<br>u realnom svijetu<br>ba\u0161 onakvom kakva jesam<br>ne uljep\u0161avam ba\u0161 ni\u0161ta<br>boli me kurac da uljep\u0161avam<br>ne vidim da je to potrebno<br>sve si tako prihvatio<br>i to mi toliko prija<br>zato te i tjeram od sebe<br>jer \u0107u poletiti visoko<br>jer \u0107u kona\u010dno imati<br>nekoga da mene lije\u010di<br>dok taj neko ni nije tu<br>jebem ti kilometre<br>jako sam sebi\u010dna<br>a tebi bih sve dala<br>ba\u0161 svaki dio sebe<br>puna mi je kuka razo\u010darenja<br>nemoj da ide\u0161 i ne\u0107u da ide\u0161<br>iako imam takva osje\u0107anja za tebe<br>pustila bih te da bude\u0161 sre\u0107an<\/em><\/p>\n\n\n\n<p>ispri\u010dala mi je svoju pri\u010du<br>i o\u010di su joj promijenile boju<\/p>\n\n\n\n<p>&#8212;<\/p>\n\n\n\n<p>dr\u017ei moju ko\u0161ulju u ruci<br>i gleda me onako nevino<br>kao da mi tra\u017ei dozvolu<br>ka\u017eem joj obuci<br>kontam u sebi<br>du\u0161u si mi ukrala<br>jebe\u0161 ko\u0161ulju <\/p>\n\n\n\n<p><strong><em>Pripremila: Nata\u0161a Gavur<\/em><\/strong><\/p>\n\n\n\n<p>Ukoliko pi\u0161ete poeziju, po\u0161aljete nam svoje radove na na\u0161u mejl adresu: <strong><a href=\"mailto:banjaluka.mladi@gmail.com\" target=\"_blank\" rel=\"noreferrer noopener\">banjaluka.mladi@gmail.com<\/a><\/strong> ili <strong><a href=\"mailto:natasa@mladibl.com\" target=\"_blank\" rel=\"noreferrer noopener\">natasa@mladibl.com<\/a><\/strong><\/p>\n","protected":false},"excerpt":{"rendered":"<p>Mladen Mila\u0161inovi\u0107 ro\u0111en je 4. juna 1999. godine u Mrkonji\u0107 Gradu, a kako ka\u017ee, najbolje ga je opisala jedna djevojka.<\/p>\n","protected":false},"author":1,"featured_media":12775,"comment_status":"closed","ping_status":"open","sticky":false,"template":"","format":"standard","meta":{"om_disable_all_campaigns":false,"_monsterinsights_skip_tracking":false,"_monsterinsights_sitenote_active":false,"_monsterinsights_sitenote_note":"","_monsterinsights_sitenote_category":0,"footnotes":""},"categories":[3652],"tags":[6346,3653],"class_list":["post-12802","post","type-post","status-publish","format-standard","has-post-thumbnail","hentry","category-poezijapetkom","tag-mladen-milasinovic","tag-poezija-petkom"],"jetpack_featured_media_url":"https:\/\/www.mladibl.com\/wp-content\/uploads\/2021\/09\/Poezija-petkom-Mladen-Milasinovic.png","amp_enabled":true,"_links":{"self":[{"href":"https:\/\/www.mladibl.com\/index.php?rest_route=\/wp\/v2\/posts\/12802","targetHints":{"allow":["GET"]}}],"collection":[{"href":"https:\/\/www.mladibl.com\/index.php?rest_route=\/wp\/v2\/posts"}],"about":[{"href":"https:\/\/www.mladibl.com\/index.php?rest_route=\/wp\/v2\/types\/post"}],"author":[{"embeddable":true,"href":"https:\/\/www.mladibl.com\/index.php?rest_route=\/wp\/v2\/users\/1"}],"replies":[{"embeddable":true,"href":"https:\/\/www.mladibl.com\/index.php?rest_route=%2Fwp%2Fv2%2Fcomments&post=12802"}],"version-history":[{"count":5,"href":"https:\/\/www.mladibl.com\/index.php?rest_route=\/wp\/v2\/posts\/12802\/revisions"}],"predecessor-version":[{"id":12807,"href":"https:\/\/www.mladibl.com\/index.php?rest_route=\/wp\/v2\/posts\/12802\/revisions\/12807"}],"wp:featuredmedia":[{"embeddable":true,"href":"https:\/\/www.mladibl.com\/index.php?rest_route=\/wp\/v2\/media\/12775"}],"wp:attachment":[{"href":"https:\/\/www.mladibl.com\/index.php?rest_route=%2Fwp%2Fv2%2Fmedia&parent=12802"}],"wp:term":[{"taxonomy":"category","embeddable":true,"href":"https:\/\/www.mladibl.com\/index.php?rest_route=%2Fwp%2Fv2%2Fcategories&post=12802"},{"taxonomy":"post_tag","embeddable":true,"href":"https:\/\/www.mladibl.com\/index.php?rest_route=%2Fwp%2Fv2%2Ftags&post=12802"}],"curies":[{"name":"wp","href":"https:\/\/api.w.org\/{rel}","templated":true}]}}