{"id":1280,"date":"2020-04-22T16:09:14","date_gmt":"2020-04-22T14:09:14","guid":{"rendered":"http:\/\/www.mladibl.com\/?p=1280"},"modified":"2020-04-22T16:09:16","modified_gmt":"2020-04-22T14:09:16","slug":"rad-platforme-banjaluka-ljudskog-lica-nastavljen-i-u-doba-pandemije","status":"publish","type":"post","link":"https:\/\/www.mladibl.com\/?p=1280","title":{"rendered":"Rad platforme &#8220;Banjaluka ljudskog lica&#8221; nastavljen i u doba pandemije"},"content":{"rendered":"\n<p>Organizacije koje su sastavni dio platforme &#8220;Banjaluka ljudskog lica&#8221; nastavile su s radom i u doba pandemije virusa korona, samo su svoje aktivnosti prenijele u virtuelnu stvarnost.<\/p>\n\n\n\n<p>Rekla je ovo Sonja Stan\u010di\u0107, psiholog i inicijator platforme &#8220;Banjaluka ljudskog lica&#8221;, koja je u razgovoru za &#8220;Nezavisne&#8221; izrazila ponos na sva udru\u017eenja i nevladine organizacije koje su dio ove jedinstvene platforme.<\/p>\n\n\n\n<p>&#8220;Bila sam skepti\u010dna da li se uop\u0161te rad sa osjetljivim kategorijama obuhva\u0107enim ovom platformom mo\u017ee prenijeti u online stvarnost, a sada sam ponosna na sve organizacije civilnog dru\u0161tva, jer imaju ve\u0107i stepen brige i odgovornosti prema svom poslu i ciljnim grupama sa kojima rade, i to nau\u0161trb finansija koje mnogi od njih u ovoj situaciji i nemaju&#8221;, rekla je Stan\u010di\u0107eva.<\/p>\n\n\n\n<p>Dodala je da bi me\u0111u ovim organizacijama izdvojila &#8220;Perpetuum mobile&#8221;, &#8220;Zdravo da ste&#8221;, &#8220;Nova generacija&#8221;, &#8220;Cerebra&#8221; i brojne druge, koje prema njenim rije\u010dima, i sada predano rade, dopiru do stalnih korisnika, ali i do novih koji ba\u0161 zbog vi\u0161ka vremena tek sada otkrivaju \u0161ta sve nude organizacije civilnog sektora.<\/p>\n\n\n\n<p>&#8220;Za Dan grada su ove organizacije pripremile mnoge online aktivnosti kako bi animirale, ne samo svoje ciljne grupe, ve\u0107 i sve gra\u0111ane Banjaluke&#8221;, navela je Stan\u010di\u0107eva.<\/p>\n\n\n\n<p>Istakla je da je situacija sa pripadnicima tre\u0107e \u017eivotne dobi ne\u0161to druga\u010dija, jer nisu svi stariji gra\u0111ani vi\u010dni modernim tehnologijama.<\/p>\n\n\n\n<p>&#8220;Na sajtu i Facebook stranici Optimisti\u010dno.com stariji gra\u0111ani mogu da na\u0111u sve relevantne informacije koje se ti\u010du osoba tre\u0107e \u017eivotne dobi, kao i savjete kako da provode vrijeme u izolaciji, da komuniciraju sa djecom i unucima. Ova stranica je dobro posje\u0107ena. Najaktivnije su Viber grupe \u010dlanova nekih od organizacija u sastavu platforme, jer tu stariji gra\u0111ani mogu direktno da stupe u kontakt sa voditeljima grupa&#8221;, objasnila je Stan\u010di\u0107eva.<\/p>\n\n\n\n<p>Dodala je da su finansije preduslov da bi socijalna za\u0161tita gra\u0111ana bila adekvatna te apelovala, ne samo na zvani\u010dne institucije, ve\u0107 i na biznis sektor da u periodu nakon kovida-19 imaju vi\u0161e sluha za mentalno zdravlje gra\u0111ana.<\/p>\n\n\n\n<p>&#8220;Nakon izlaska iz izolacije mentalno i psihofizi\u010dko zdravlje ljudi \u0107e biti daleko krhkije nego \u0161to je bilo prije pandemije. Ova situacija \u0107e ostaviti ozbiljne posljedice na kojima se mora raditi odmah. Naravno da nam trebaju i brojne druge stvari, kao \u0161to su radna mjesta i vrti\u0107i, ali mentalno zdravlje gra\u0111ana mora biti na prvom mjestu&#8221;, istakla je Stan\u010di\u0107eva.<\/p>\n\n\n\n<p>Istakla je da \u0107e u budu\u0107nosti platforma &#8220;Banjaluka ljudskog lica&#8221; biti usmjerena na lobiranje i skretanje pa\u017enje na dobre primjere prakse kako sanirati sve probleme koji su postojali prije virusa i na one koji su nastali kao posljedica virusa korona.<\/p>\n\n\n\n<p>&#8220;Zbog izolacije dolazi do porasta nasilja u porodici, ali tako\u0111e i zbog neizvjesnosti i protivrje\u010dnih informacija ljudi su psihi\u010dki osjetljivi i emocionalno krhki, zbog svega toga ve\u0107 imamo i ima\u0107emo sve ve\u0107u potrebu za za\u0161titom mentalnog zdravlja i moramo izgraditi kapacitete koji \u0107e mo\u0107i odgovoriti na te potrebe&#8221;, zaklju\u010dila je Stan\u010di\u0107eva.<\/p>\n\n\n\n<p>Preuzezo sa: <a href=\"https:\/\/www.nezavisne.com\/novosti\/banjaluka\/Djelovanje-platforme-Banjaluka-ljudskog-lica-nastavljeno-i-u-doba-pandemije\/595458\" target=\"_blank\" rel=\"noreferrer noopener\" aria-label=\"nezavisne.com (opens in a new tab)\">nezavisne.com<\/a><\/p>\n","protected":false},"excerpt":{"rendered":"<p>Organizacije koje su sastavni dio platforme &#8220;Banjaluka ljudskog lica&#8221; nastavile su s radom i u doba pandemije virusa korona, samo<\/p>\n","protected":false},"author":1,"featured_media":1281,"comment_status":"closed","ping_status":"open","sticky":false,"template":"","format":"standard","meta":{"om_disable_all_campaigns":false,"_monsterinsights_skip_tracking":false,"_monsterinsights_sitenote_active":false,"_monsterinsights_sitenote_note":"","_monsterinsights_sitenote_category":0,"footnotes":""},"categories":[370],"tags":[59,33,142,354,70],"class_list":["post-1280","post","type-post","status-publish","format-standard","has-post-thumbnail","hentry","category-ostalo","tag-banjaluka-ljudskog-lica","tag-mladi","tag-omladinski-rad","tag-organizacije","tag-sonja-stancic"],"jetpack_featured_media_url":"https:\/\/www.mladibl.com\/wp-content\/uploads\/2020\/04\/Rad-platforme-Banjaluka-ljudskog-lica-nastavljen-i-u-doba-pandemije.jpg","amp_enabled":true,"_links":{"self":[{"href":"https:\/\/www.mladibl.com\/index.php?rest_route=\/wp\/v2\/posts\/1280","targetHints":{"allow":["GET"]}}],"collection":[{"href":"https:\/\/www.mladibl.com\/index.php?rest_route=\/wp\/v2\/posts"}],"about":[{"href":"https:\/\/www.mladibl.com\/index.php?rest_route=\/wp\/v2\/types\/post"}],"author":[{"embeddable":true,"href":"https:\/\/www.mladibl.com\/index.php?rest_route=\/wp\/v2\/users\/1"}],"replies":[{"embeddable":true,"href":"https:\/\/www.mladibl.com\/index.php?rest_route=%2Fwp%2Fv2%2Fcomments&post=1280"}],"version-history":[{"count":1,"href":"https:\/\/www.mladibl.com\/index.php?rest_route=\/wp\/v2\/posts\/1280\/revisions"}],"predecessor-version":[{"id":1282,"href":"https:\/\/www.mladibl.com\/index.php?rest_route=\/wp\/v2\/posts\/1280\/revisions\/1282"}],"wp:featuredmedia":[{"embeddable":true,"href":"https:\/\/www.mladibl.com\/index.php?rest_route=\/wp\/v2\/media\/1281"}],"wp:attachment":[{"href":"https:\/\/www.mladibl.com\/index.php?rest_route=%2Fwp%2Fv2%2Fmedia&parent=1280"}],"wp:term":[{"taxonomy":"category","embeddable":true,"href":"https:\/\/www.mladibl.com\/index.php?rest_route=%2Fwp%2Fv2%2Fcategories&post=1280"},{"taxonomy":"post_tag","embeddable":true,"href":"https:\/\/www.mladibl.com\/index.php?rest_route=%2Fwp%2Fv2%2Ftags&post=1280"}],"curies":[{"name":"wp","href":"https:\/\/api.w.org\/{rel}","templated":true}]}}