{"id":1259,"date":"2020-04-22T10:26:14","date_gmt":"2020-04-22T08:26:14","guid":{"rendered":"http:\/\/www.mladibl.com\/?p=1259"},"modified":"2020-04-22T10:26:16","modified_gmt":"2020-04-22T08:26:16","slug":"banja-luka-obiljezava-dan-grada","status":"publish","type":"post","link":"https:\/\/www.mladibl.com\/?p=1259","title":{"rendered":"Banja Luka obilje\u017eava Dan grada"},"content":{"rendered":"\n<p>Dan grada Banje Luke, 22. april, ove godine \u0107e, zbog epidemije korona virusa i zabrane javnih okupljanja, biti obilje\u017een znatno skromnije, za razliku od ranijih godina.<\/p>\n\n\n\n<p>Prema utvr\u0111enom protokolu, u srijedu, 22. aprila, na 75-tu godi\u0161njicu od oslobo\u0111enja Banje Luke u Drugom svjetskom ratu, gradona\u010delnik Igor Radoji\u010di\u0107 i predsjednik Skup\u0161tine grada Zoran Tali\u0107 polo\u017ei\u0107e vijenac na Trgu palih boraca, odaju\u0107i po\u010dast oslobodiocima Banje Luke. Vijenci \u0107e biti polo\u017eeni i na spomenik palim Kraji\u0161nicima na Banj brdu i na spomenik borcima Odbrambeno-otad\u017ebinskog rata na groblju Sveti Pantelija, kao i spomenik \u017ertvama Veleizdajni\u010dkog procesa na groblju Sveti Pantelija.<\/p>\n\n\n\n<p>Ove godine ne\u0107e biti organizovana tradicionalna sve\u010dana akademija niti dodjela nagrada povodom Dana grada.<\/p>\n\n\n\n<p>Ipak, prilago\u0111eno novim okolnostima, u srijedu uve\u010de, sa po\u010detkom u 20.00 \u010dasova, na progamu Alternativne televizije bi\u0107e emitovan specijalni program povodom Dana grada.<\/p>\n\n\n\n<p>U okviru ovog programa, bi\u0107e emitovana \u010destitka gradna\u010delnika Radoji\u010di\u0107a, kao i  gradona\u010delnika gradova \u2013 prijatelja Banje Luke, te izjave niza istaknutih Banjalu\u010dana iz raznih oblasti dru\u0161tvenog djelovanja koji \u0107e, u kratkom obra\u0107anju, ukazati na zna\u010daj ovog datuma. Po njihovom obra\u0107anju, a posebno za ovu priliku, uslijedi\u0107e \u201elajv strim\u201c koncert Sergeja \u0106etkovi\u0107a.<\/p>\n\n\n\n<p>Gradona\u010delnik Radoji\u010di\u0107 isti\u010de da ove godine Banja Luka obilje\u017eava 75-tu godi\u0161njicu od oslobo\u0111enja u specifi\u010dnim okolnostima, te da su, u skladu sa tim, izostavljeni i tradicionalni sadr\u017eaji koji su pratili Dan grada proteklih godina i decenija.<\/p>\n\n\n\n<p>Na\u017ealost, ovo je, od oslobo\u0111enja na\u0161eg grada, prakti\u010dno prvi put da Dan grada obilje\u017eavamo u okolnostima vanrednog stanja, te je, u skladu s tim, sa\u010dinjen i znatno redukovaniji program obilje\u017eavanja ovog zna\u010dajnog datuma. Ove godine, izosta\u0107e i tradicionalna dodjela nagrada, koja \u0107e biti prolongirana za bolja vremena. \u017divimo u specifi\u010dnim okolnostima u kojima su priroritet borba za ljudske \u017eivote i o\u010duvanje zdravlja na\u0161eg stanovni\u0161tva. Uz \u010destitke Banjalu\u010danima, pozivam da se u srijedu uve\u010de dru\u017eimo putem TV programa povodom Dana grada, te da na ovaj na\u010din u\u010destvujemo u obilje\u017eavanju ovog, velikog dana, dana oslobo\u0111enja \u2013 rekao je Radoji\u010di\u0107.<\/p>\n\n\n\n<p>Odr\u017eavanje koncerta podr\u017eali su: M:tel, ITSS Prointer, Kozaraputevi, Gra\u0111enje \u0110uri\u0107, Krajinaklas, \u010cisto\u0107a, Anapharm, Metromedia i Udru\u017eenje dru\u0161tava za osiguranje RS.<\/p>\n\n\n\n<figure class=\"wp-block-image\"><img loading=\"lazy\" decoding=\"async\" width=\"1024\" height=\"502\" src=\"http:\/\/www.mladibl.com\/wp-content\/uploads\/2020\/04\/Banja-Luka-obilje\u017eava-Dan-grada-1024x502.jpg\" alt=\"\" class=\"wp-image-1260\" srcset=\"https:\/\/www.mladibl.com\/wp-content\/uploads\/2020\/04\/Banja-Luka-obilje\u017eava-Dan-grada-1024x502.jpg 1024w, https:\/\/www.mladibl.com\/wp-content\/uploads\/2020\/04\/Banja-Luka-obilje\u017eava-Dan-grada-300x147.jpg 300w, https:\/\/www.mladibl.com\/wp-content\/uploads\/2020\/04\/Banja-Luka-obilje\u017eava-Dan-grada-768x376.jpg 768w, https:\/\/www.mladibl.com\/wp-content\/uploads\/2020\/04\/Banja-Luka-obilje\u017eava-Dan-grada.jpg 1200w\" sizes=\"auto, (max-width: 1024px) 100vw, 1024px\" \/><\/figure>\n\n\n\n<p>Preuzeto sa: <a href=\"http:\/\/www.banjaluka.rs.ba\/%d0%b1%d0%b0%d1%9a%d0%b0-%d0%bb%d1%83%d0%ba%d0%b0-%d0%be%d0%b1%d0%b8%d1%99%d0%b5%d0%b6%d0%b0%d0%b2%d0%b0-%d0%b4%d0%b0%d0%bd-%d0%b3%d1%80%d0%b0%d0%b4%d0%b0\/\" target=\"_blank\" rel=\"noreferrer noopener\" aria-label=\"Grad Banja Luka (opens in a new tab)\">Grad Banja Luka<\/a><\/p>\n","protected":false},"excerpt":{"rendered":"<p>Dan grada Banje Luke, 22. april, ove godine \u0107e, zbog epidemije korona virusa i zabrane javnih okupljanja, biti obilje\u017een znatno<\/p>\n","protected":false},"author":1,"featured_media":1260,"comment_status":"closed","ping_status":"open","sticky":false,"template":"","format":"standard","meta":{"om_disable_all_campaigns":false,"_monsterinsights_skip_tracking":false,"_monsterinsights_sitenote_active":false,"_monsterinsights_sitenote_note":"","_monsterinsights_sitenote_category":0,"footnotes":""},"categories":[2],"tags":[53,279],"class_list":["post-1259","post","type-post","status-publish","format-standard","has-post-thumbnail","hentry","category-vijesti","tag-banja-luka","tag-dan-grada"],"jetpack_featured_media_url":"https:\/\/www.mladibl.com\/wp-content\/uploads\/2020\/04\/Banja-Luka-obilje\u017eava-Dan-grada.jpg","amp_enabled":true,"_links":{"self":[{"href":"https:\/\/www.mladibl.com\/index.php?rest_route=\/wp\/v2\/posts\/1259","targetHints":{"allow":["GET"]}}],"collection":[{"href":"https:\/\/www.mladibl.com\/index.php?rest_route=\/wp\/v2\/posts"}],"about":[{"href":"https:\/\/www.mladibl.com\/index.php?rest_route=\/wp\/v2\/types\/post"}],"author":[{"embeddable":true,"href":"https:\/\/www.mladibl.com\/index.php?rest_route=\/wp\/v2\/users\/1"}],"replies":[{"embeddable":true,"href":"https:\/\/www.mladibl.com\/index.php?rest_route=%2Fwp%2Fv2%2Fcomments&post=1259"}],"version-history":[{"count":1,"href":"https:\/\/www.mladibl.com\/index.php?rest_route=\/wp\/v2\/posts\/1259\/revisions"}],"predecessor-version":[{"id":1261,"href":"https:\/\/www.mladibl.com\/index.php?rest_route=\/wp\/v2\/posts\/1259\/revisions\/1261"}],"wp:featuredmedia":[{"embeddable":true,"href":"https:\/\/www.mladibl.com\/index.php?rest_route=\/wp\/v2\/media\/1260"}],"wp:attachment":[{"href":"https:\/\/www.mladibl.com\/index.php?rest_route=%2Fwp%2Fv2%2Fmedia&parent=1259"}],"wp:term":[{"taxonomy":"category","embeddable":true,"href":"https:\/\/www.mladibl.com\/index.php?rest_route=%2Fwp%2Fv2%2Fcategories&post=1259"},{"taxonomy":"post_tag","embeddable":true,"href":"https:\/\/www.mladibl.com\/index.php?rest_route=%2Fwp%2Fv2%2Ftags&post=1259"}],"curies":[{"name":"wp","href":"https:\/\/api.w.org\/{rel}","templated":true}]}}