{"id":12520,"date":"2021-09-08T00:55:29","date_gmt":"2021-09-07T22:55:29","guid":{"rendered":"https:\/\/www.mladibl.com\/?p=12520"},"modified":"2021-09-08T00:55:30","modified_gmt":"2021-09-07T22:55:30","slug":"u-gradskoj-upravi-danas-obiljezavanje-medunarodnog-dana-pismenosti-8-septembar","status":"publish","type":"post","link":"https:\/\/www.mladibl.com\/?p=12520","title":{"rendered":"U Gradskoj upravi danas obilje\u017eavanje Me\u0111unarodnog dana pismenosti \u2013 8. septembar"},"content":{"rendered":"\n<p>Me\u0111unarodni dan pismenosti \u2013 8. septembar bi\u0107e, po prvi put, obilje\u017een u na\u0161em gradu.<\/p>\n\n\n\n<p>Tim povodom, danas u 15.00 \u010dasova u Atrijumu Gradske uprave, prof. dr Du\u0161ko Pevulja sa Filolo\u0161kog fakulteta iz Banje Luke \u0107e govoriti o va\u017enosti njegovanja pismenosti za \u010dovjeka i za dru\u0161tvo u cjelini.<\/p>\n\n\n\n<p>Imaju\u0107i u vidu da je gradona\u010delnik Dra\u0161ko Stanivukovi\u0107, dolaskom na \u010delo Banje Luke, donio naredbu o obaveznoj upotrebi \u0107irilice na svim digitalnim kanalima Grada, u okviru obilje\u017eavanja Dana pismenosti govori\u0107e o nastojanjima da se jezi\u010dka kultura, kao i kultura opho\u0111enja u Banjoj Luci podignu na vi\u0161i nivo.<\/p>\n\n\n\n<p>Ina\u010de, uvo\u0111enje \u0107irilice je bio prvi korak u borbi za srpski jezik i pismo, koji se uni\u0161tava sve \u010de\u0161\u0107om upotrebom stranih rije\u010di, a cilj sutra\u0161njeg programa je da se po\u0161alje poruka o va\u017enosti njegovanja pismenosti, te neophodnom ja\u010danju svijesti o borbi za opstanak na\u0161eg jezika i pisma.<\/p>\n\n\n\n<p>Preuzeto sa: <a href=\"https:\/\/www.banjaluka.rs.ba\/u-gradskoj-upravi-sutra-obiljezavanje-medjunarodnog-dana-pismenosti-8-septembar\/\">Grad Banja Luka<\/a><\/p>\n","protected":false},"excerpt":{"rendered":"<p>Me\u0111unarodni dan pismenosti \u2013 8. septembar bi\u0107e, po prvi put, obilje\u017een u na\u0161em gradu. Tim povodom, danas u 15.00 \u010dasova<\/p>\n","protected":false},"author":1,"featured_media":12532,"comment_status":"closed","ping_status":"open","sticky":false,"template":"","format":"standard","meta":{"om_disable_all_campaigns":false,"_monsterinsights_skip_tracking":false,"_monsterinsights_sitenote_active":false,"_monsterinsights_sitenote_note":"","_monsterinsights_sitenote_category":0,"footnotes":""},"categories":[2],"tags":[344,6222],"class_list":["post-12520","post","type-post","status-publish","format-standard","has-post-thumbnail","hentry","category-vijesti","tag-gradska-uprava","tag-medunarodni-dan-pismenosti"],"jetpack_featured_media_url":"https:\/\/www.mladibl.com\/wp-content\/uploads\/2021\/09\/U-Gradskoj-upravi-sutra-obiljezavanje-Medunarodnog-dana-pismenosti-\u2013-8.-septembar.jpg","amp_enabled":true,"_links":{"self":[{"href":"https:\/\/www.mladibl.com\/index.php?rest_route=\/wp\/v2\/posts\/12520","targetHints":{"allow":["GET"]}}],"collection":[{"href":"https:\/\/www.mladibl.com\/index.php?rest_route=\/wp\/v2\/posts"}],"about":[{"href":"https:\/\/www.mladibl.com\/index.php?rest_route=\/wp\/v2\/types\/post"}],"author":[{"embeddable":true,"href":"https:\/\/www.mladibl.com\/index.php?rest_route=\/wp\/v2\/users\/1"}],"replies":[{"embeddable":true,"href":"https:\/\/www.mladibl.com\/index.php?rest_route=%2Fwp%2Fv2%2Fcomments&post=12520"}],"version-history":[{"count":1,"href":"https:\/\/www.mladibl.com\/index.php?rest_route=\/wp\/v2\/posts\/12520\/revisions"}],"predecessor-version":[{"id":12533,"href":"https:\/\/www.mladibl.com\/index.php?rest_route=\/wp\/v2\/posts\/12520\/revisions\/12533"}],"wp:featuredmedia":[{"embeddable":true,"href":"https:\/\/www.mladibl.com\/index.php?rest_route=\/wp\/v2\/media\/12532"}],"wp:attachment":[{"href":"https:\/\/www.mladibl.com\/index.php?rest_route=%2Fwp%2Fv2%2Fmedia&parent=12520"}],"wp:term":[{"taxonomy":"category","embeddable":true,"href":"https:\/\/www.mladibl.com\/index.php?rest_route=%2Fwp%2Fv2%2Fcategories&post=12520"},{"taxonomy":"post_tag","embeddable":true,"href":"https:\/\/www.mladibl.com\/index.php?rest_route=%2Fwp%2Fv2%2Ftags&post=12520"}],"curies":[{"name":"wp","href":"https:\/\/api.w.org\/{rel}","templated":true}]}}