{"id":12518,"date":"2021-09-07T00:17:35","date_gmt":"2021-09-06T22:17:35","guid":{"rendered":"https:\/\/www.mladibl.com\/?p=12518"},"modified":"2021-09-07T00:17:36","modified_gmt":"2021-09-06T22:17:36","slug":"cane-voda-je-sloboda","status":"publish","type":"post","link":"https:\/\/www.mladibl.com\/?p=12518","title":{"rendered":"Cane: Voda je sloboda!"},"content":{"rendered":"\n<p>Koncert za o\u010duvanje rijeka Balkana na kojem \u0107e nastupiti Partibrejkers te Darko Rundek &amp; Ekipa u organizaciji Centra za \u017eivotnu sredinu u okviru regionalne kampanje \u201eSa\u010duvajmo plavo srce Evrope\u201c odr\u017ea\u0107e se 25. septembra na tvr\u0111avi Kastel u Banjaluci sa po\u010detkom od 20.00 \u010dasova. Ulaz na koncert je slobodan.<\/p>\n\n\n\n<p>Pred koncert u Banjaluci Zoran Kosti\u0107 Cane iz Partibrejkersa govori o zna\u010daju \u010duvanja rijeka, kampanji za za\u0161titu rijeka i drugim temama.<\/p>\n\n\n\n<p>Cane je rekao da iz rijeka dobijamo vodu koju pijemo.<\/p>\n\n\n\n<p>\u201eReke moramo da \u0161titimo i da ih ne zaga\u0111ujemo. Voda je sloboda. U kampanje za za\u0161tite reka svi treba da se uklju\u010de, da ljudi znaju da ne smeju ni\u0161ta da bacaju u reku, da im je reka bliski ro\u0111ak, da bez reke ne mogu da \u017eive, to je voda, ne\u0107e imati \u0161ta da piju\u201c, poru\u010dio je Cane.<\/p>\n\n\n\n<p>Na pitanje \u0161ta je njega konkretno podstaklo da se uklju\u010di u ovu kampanju Cane je rekao da je to ono \u0161to mu je stalno pred o\u010dima, a to su fleke po rijekama, \u0111ubre koje se baca i okolina o kojoj \u010dovjek uop\u0161te ne brine.<\/p>\n\n\n\n<p>\u201c\u010covek se pona\u0161a tako kao da nije deo celokupne prirode i bilo kako da naru\u0161i prirodu bi\u0107e frka za njega. Ljudi treba da ukapiraju da te reke pripadaju njima, da one nisu neko strano telo, da \u017eive sa tom vodom, da \u017eive sa tom prirodom i tim vazduhom. Da su deo toga, samo da ukapiraju da bez toga nema \u017eivota\u201c, rekao je Cane.<\/p>\n\n\n\n<p>Isti\u010de da svako mo\u017ee ve\u0107 danas da ne baca \u0111ubre po ulici, da se ophodi prema svojoj okolini kao da mu pripada, da nije to ne\u0161to \u0161to je nametnuto, da izgradi svijest da sve \u0161to baca po ulici mo\u017ee baciti u kantu za sme\u0107e.<\/p>\n\n\n\n<p>Cane ka\u017ee da su sve na\u0161e rijeke lijepe i da onda ne mo\u017ee\u0161 da ukapira\u0161 da se ta ljepota konstantno ru\u0161i.<\/p>\n\n\n\n<p>\u201eVlast i politi\u010dari tako\u0111e moraju da se uklju\u010de u re\u0161avanje ovog problema, jer oni imaju vlast. Moraju se uklju\u010diti bilo kako. Svi moraju zajedno da rade, vlast i opozicija. Oko ekologije mora konsenzus da se donese, a to je \u010duvajmo prirodu, jer tako \u010duvamo i \u010doveka. Za ove generacije koje dolaze, ko zna kako \u0107e tek oni da \u017eive, u lo\u0161em vazduhu, u lo\u0161oj vodi i lo\u0161oj zemlji\u201c, istakao je on.<\/p>\n\n\n\n<p>Isti\u010de da je regija u kojoj \u017eivimo lijepa, ali da na\u017ealost sije\u010demo granu na kojoj \u017eivimo.<\/p>\n\n\n\n<p>Kada je rije\u010d o velikom koncertu koji se odr\u017eava 25. septembra u Banjaluci Cane je rekao da \u0107e svirati repertoar koji uvijek sviraju i da\u0107e sve od sebe. Na kraju poru\u010duje: \u201eLjudi, pazite \u0161ta radite, druge reke nemate\u201c.<\/p>\n\n\n\n<p>Kampanju \u201eSa\u010duvajmo plavo srce Evrope\u201c pokrenule su evropske organizacije EuroNatur i Riverwatch, u saradnji sa lokalnim partnerima na Balkanu, a istu u Bosni i Hercegovini koordini\u0161e Centar za \u017eivotnu sredinu iz Banjaluke. U znak podr\u0161ke borbi za o\u010duvanje rijeka, ulaz na koncert bi\u0107e besplatan.<\/p>\n\n\n\n<p>Darko Rundek i Zoran Kosti\u0107 Cane (Partibrejkers) jedni su od prvih umjetnika u regionu koji su digli svoj glas za spas rijeka Balkana i pridru\u017eili se kampanji \u201dUmjetnici\/e za rijeke Balkana\u201d (Artists for Balkan Rivers) \u010diji je cilj \u0161irenje svijesti o alarmantnim planovima izgradnje preko 3000 malih hidroelektrana na rijekama na \u0161iroj teritoriji Balkana, od kojih je u Bosni i Hercegovini preko 400 planirano ili je ve\u0107 u izgradnji.<\/p>\n\n\n\n<p>Link: <strong><a rel=\"noreferrer noopener\" href=\"https:\/\/www.youtube.com\/watch?v=agk2-PiD658\" target=\"_blank\">https:\/\/www.youtube.com\/watch?v=agk2-PiD658<\/a><\/strong><\/p>\n\n\n\n<figure class=\"wp-block-embed is-type-video is-provider-youtube wp-block-embed-youtube wp-embed-aspect-16-9 wp-has-aspect-ratio\"><div class=\"wp-block-embed__wrapper\">\n<iframe loading=\"lazy\" title=\"Umjetnici za rijeke\/Artists for rivers: Zoran Kosti\u0107 Cane\" width=\"800\" height=\"450\" src=\"https:\/\/www.youtube.com\/embed\/agk2-PiD658?feature=oembed\" frameborder=\"0\" allow=\"accelerometer; autoplay; clipboard-write; encrypted-media; gyroscope; picture-in-picture\" allowfullscreen><\/iframe>\n<\/div><\/figure>\n\n\n\n<p>Vi\u0161e informacija o koncertu na ovom linku: <strong><a href=\"https:\/\/czzs.org\/koncert-za-rijeke-balkana-partibrejkers-i-rundek-ekipa-25-septembra-u-banjaluci\/\" target=\"_blank\" rel=\"noreferrer noopener\">https:\/\/czzs.org\/koncert-za-rijeke-balkana-partibrejkers-i-rundek-ekipa-25-septembra-u-banjaluci\/<\/a><\/strong><\/p>\n\n\n\n<p>Preuzeto sa: <a href=\"https:\/\/czzs.org\/cane-voda-je-sloboda\/\" target=\"_blank\" rel=\"noreferrer noopener\">Centar za \u017eivotnu sredinu<\/a><\/p>\n","protected":false},"excerpt":{"rendered":"<p>Koncert za o\u010duvanje rijeka Balkana na kojem \u0107e nastupiti Partibrejkers te Darko Rundek &amp; Ekipa u organizaciji Centra za \u017eivotnu<\/p>\n","protected":false},"author":1,"featured_media":12484,"comment_status":"closed","ping_status":"open","sticky":false,"template":"","format":"standard","meta":{"om_disable_all_campaigns":false,"_monsterinsights_skip_tracking":false,"_monsterinsights_sitenote_active":false,"_monsterinsights_sitenote_note":"","_monsterinsights_sitenote_category":0,"footnotes":""},"categories":[449],"tags":[6219,2676,3536,6221,6220],"class_list":["post-12518","post","type-post","status-publish","format-standard","has-post-thumbnail","hentry","category-organizacije","tag-cane","tag-centar-za-zivotnu-sredinu","tag-koncert","tag-sacuvajmo-plavo-srce-evrope","tag-voda-je-slobodna"],"jetpack_featured_media_url":"https:\/\/www.mladibl.com\/wp-content\/uploads\/2021\/09\/Cane_-Voda-je-sloboda.jpg","amp_enabled":true,"_links":{"self":[{"href":"https:\/\/www.mladibl.com\/index.php?rest_route=\/wp\/v2\/posts\/12518","targetHints":{"allow":["GET"]}}],"collection":[{"href":"https:\/\/www.mladibl.com\/index.php?rest_route=\/wp\/v2\/posts"}],"about":[{"href":"https:\/\/www.mladibl.com\/index.php?rest_route=\/wp\/v2\/types\/post"}],"author":[{"embeddable":true,"href":"https:\/\/www.mladibl.com\/index.php?rest_route=\/wp\/v2\/users\/1"}],"replies":[{"embeddable":true,"href":"https:\/\/www.mladibl.com\/index.php?rest_route=%2Fwp%2Fv2%2Fcomments&post=12518"}],"version-history":[{"count":1,"href":"https:\/\/www.mladibl.com\/index.php?rest_route=\/wp\/v2\/posts\/12518\/revisions"}],"predecessor-version":[{"id":12519,"href":"https:\/\/www.mladibl.com\/index.php?rest_route=\/wp\/v2\/posts\/12518\/revisions\/12519"}],"wp:featuredmedia":[{"embeddable":true,"href":"https:\/\/www.mladibl.com\/index.php?rest_route=\/wp\/v2\/media\/12484"}],"wp:attachment":[{"href":"https:\/\/www.mladibl.com\/index.php?rest_route=%2Fwp%2Fv2%2Fmedia&parent=12518"}],"wp:term":[{"taxonomy":"category","embeddable":true,"href":"https:\/\/www.mladibl.com\/index.php?rest_route=%2Fwp%2Fv2%2Fcategories&post=12518"},{"taxonomy":"post_tag","embeddable":true,"href":"https:\/\/www.mladibl.com\/index.php?rest_route=%2Fwp%2Fv2%2Ftags&post=12518"}],"curies":[{"name":"wp","href":"https:\/\/api.w.org\/{rel}","templated":true}]}}